{"id":7813,"date":"2023-10-29T10:49:45","date_gmt":"2023-10-29T10:49:45","guid":{"rendered":"https:\/\/lalibertaria.org\/?p=7813"},"modified":"2023-10-29T10:54:43","modified_gmt":"2023-10-29T10:54:43","slug":"e-arrivato-il-caffe-dal-cauca-dal-chiapas-e-lo-zucchero-integrale-di-canna","status":"publish","type":"post","link":"https:\/\/lalibertaria.org\/e-arrivato-il-caffe-dal-cauca-dal-chiapas-e-lo-zucchero-integrale-di-canna\/","title":{"rendered":"\u00c8 arrivato il caff\u00e8 dal Cauca, dal Chiapas e&#8230;. lo zucchero integrale di canna!"},"content":{"rendered":"\t\t<div data-elementor-type=\"wp-post\" data-elementor-id=\"7813\" class=\"elementor elementor-7813\" data-elementor-post-type=\"post\">\n\t\t\t\t\t\t<section class=\"elementor-section elementor-top-section elementor-element elementor-element-40bc10c elementor-section-boxed elementor-section-height-default elementor-section-height-default\" data-id=\"40bc10c\" data-element_type=\"section\" data-e-type=\"section\" data-settings=\"{&quot;background_background&quot;:&quot;classic&quot;}\">\n\t\t\t\t\t\t<div class=\"elementor-container elementor-column-gap-default\">\n\t\t\t\t\t<div class=\"elementor-column elementor-col-100 elementor-top-column elementor-element elementor-element-63b2bd0\" data-id=\"63b2bd0\" data-element_type=\"column\" data-e-type=\"column\">\n\t\t\t<div class=\"elementor-widget-wrap elementor-element-populated\">\n\t\t\t\t\t\t<div class=\"elementor-element elementor-element-99dcc34 elementor-widget elementor-widget-heading\" data-id=\"99dcc34\" data-element_type=\"widget\" data-e-type=\"widget\" data-widget_type=\"heading.default\">\n\t\t\t\t<div class=\"elementor-widget-container\">\n\t\t\t\t\t<h2 class=\"elementor-heading-title elementor-size-medium\">\u00c8 arrivato il caff\u00e8 dal Cauca, dal Chiapas e.... lo zucchero integrale di canna!<\/h2>\t\t\t\t<\/div>\n\t\t\t\t<\/div>\n\t\t\t\t<div class=\"elementor-element elementor-element-324cdf8 elementor-widget elementor-widget-video\" data-id=\"324cdf8\" data-element_type=\"widget\" data-e-type=\"widget\" data-settings=\"{&quot;video_type&quot;:&quot;vimeo&quot;,&quot;autoplay&quot;:&quot;yes&quot;,&quot;play_on_mobile&quot;:&quot;yes&quot;,&quot;mute&quot;:&quot;yes&quot;,&quot;loop&quot;:&quot;yes&quot;}\" data-widget_type=\"video.default\">\n\t\t\t\t<div class=\"elementor-widget-container\">\n\t\t\t\t\t\t\t<div class=\"elementor-wrapper elementor-open-inline\">\n\t\t\t<iframe class=\"elementor-video-iframe lazyload\" allowfullscreen allow=\"autoplay\" title=\"vimeo Video Player\" data-src=\"https:\/\/player.vimeo.com\/video\/878203574?autoplay=1&amp;playsinline=1&amp;color&amp;autopause=0&amp;loop=1&amp;muted=1&amp;title=0&amp;portrait=0&amp;byline=0#t=\"><\/iframe>\t\t<\/div>\n\t\t\t\t\t\t<\/div>\n\t\t\t\t<\/div>\n\t\t\t\t\t<\/div>\n\t\t<\/div>\n\t\t\t\t\t<\/div>\n\t\t<\/section>\n\t\t\t\t<section class=\"elementor-section elementor-top-section elementor-element elementor-element-c40f504 elementor-section-height-min-height elementor-section-items-top elementor-section-boxed elementor-section-height-default\" data-id=\"c40f504\" data-element_type=\"section\" data-e-type=\"section\" data-settings=\"{&quot;background_background&quot;:&quot;classic&quot;}\">\n\t\t\t\t\t\t<div class=\"elementor-container elementor-column-gap-default\">\n\t\t\t\t\t<div class=\"elementor-column elementor-col-50 elementor-top-column elementor-element elementor-element-e135662\" data-id=\"e135662\" data-element_type=\"column\" data-e-type=\"column\">\n\t\t\t<div class=\"elementor-widget-wrap elementor-element-populated\">\n\t\t\t\t\t\t<div class=\"elementor-element elementor-element-1b1509b elementor-widget elementor-widget-image\" data-id=\"1b1509b\" data-element_type=\"widget\" data-e-type=\"widget\" data-widget_type=\"image.default\">\n\t\t\t\t<div class=\"elementor-widget-container\">\n\t\t\t\t\t\t\t\t\t\t\t\t\t\t\t<img fetchpriority=\"high\" decoding=\"async\" width=\"750\" height=\"422\" src=\"data:image\/gif;base64,R0lGODlhAQABAIAAAAAAAP\/\/\/yH5BAEAAAAALAAAAAABAAEAAAIBRAA7\" data-src=\"https:\/\/lalibertaria.org\/wp-content\/uploads\/2023\/10\/arrivo-caffe-1024x576.png\" class=\"attachment-large size-large wp-image-7814 lazyload\" alt=\"\" data-srcset=\"https:\/\/lalibertaria.org\/wp-content\/uploads\/2023\/10\/arrivo-caffe-1024x576.png 1024w, https:\/\/lalibertaria.org\/wp-content\/uploads\/2023\/10\/arrivo-caffe-300x169.png 300w, https:\/\/lalibertaria.org\/wp-content\/uploads\/2023\/10\/arrivo-caffe-768x432.png 768w, https:\/\/lalibertaria.org\/wp-content\/uploads\/2023\/10\/arrivo-caffe-1536x864.png 1536w, https:\/\/lalibertaria.org\/wp-content\/uploads\/2023\/10\/arrivo-caffe-1568x882.png 1568w, https:\/\/lalibertaria.org\/wp-content\/uploads\/2023\/10\/arrivo-caffe-600x338.png 600w, https:\/\/lalibertaria.org\/wp-content\/uploads\/2023\/10\/arrivo-caffe.png 1920w\" sizes=\"(max-width: 750px) 100vw, 750px\" style=\"width:100%;height:56.25%;max-width:1920px\" \/><noscript><img decoding=\"async\" width=\"750\" height=\"422\" src=\"https:\/\/lalibertaria.org\/wp-content\/uploads\/2023\/10\/arrivo-caffe-1024x576.png\" class=\"attachment-large size-large wp-image-7814 lazyload\" alt=\"\" srcset=\"https:\/\/lalibertaria.org\/wp-content\/uploads\/2023\/10\/arrivo-caffe-1024x576.png 1024w, https:\/\/lalibertaria.org\/wp-content\/uploads\/2023\/10\/arrivo-caffe-300x169.png 300w, https:\/\/lalibertaria.org\/wp-content\/uploads\/2023\/10\/arrivo-caffe-768x432.png 768w, https:\/\/lalibertaria.org\/wp-content\/uploads\/2023\/10\/arrivo-caffe-1536x864.png 1536w, https:\/\/lalibertaria.org\/wp-content\/uploads\/2023\/10\/arrivo-caffe-1568x882.png 1568w, https:\/\/lalibertaria.org\/wp-content\/uploads\/2023\/10\/arrivo-caffe-600x338.png 600w, https:\/\/lalibertaria.org\/wp-content\/uploads\/2023\/10\/arrivo-caffe.png 1920w\" sizes=\"(max-width: 750px) 100vw, 750px\" style=\"width:100%;height:56.25%;max-width:1920px\" \/><\/noscript>\t\t\t\t\t\t\t\t\t\t\t\t\t\t\t<\/div>\n\t\t\t\t<\/div>\n\t\t\t\t<div class=\"elementor-element elementor-element-49b611e elementor-widget elementor-widget-image\" data-id=\"49b611e\" data-element_type=\"widget\" data-e-type=\"widget\" data-widget_type=\"image.default\">\n\t\t\t\t<div class=\"elementor-widget-container\">\n\t\t\t\t\t\t\t\t\t\t\t\t\t\t\t<img decoding=\"async\" width=\"750\" height=\"422\" src=\"data:image\/gif;base64,R0lGODlhAQABAIAAAAAAAP\/\/\/yH5BAEAAAAALAAAAAABAAEAAAIBRAA7\" data-src=\"https:\/\/lalibertaria.org\/wp-content\/uploads\/2023\/10\/arrivo-panela-1024x576.png\" class=\"attachment-large size-large wp-image-7815 lazyload\" alt=\"\" data-srcset=\"https:\/\/lalibertaria.org\/wp-content\/uploads\/2023\/10\/arrivo-panela-1024x576.png 1024w, https:\/\/lalibertaria.org\/wp-content\/uploads\/2023\/10\/arrivo-panela-300x169.png 300w, https:\/\/lalibertaria.org\/wp-content\/uploads\/2023\/10\/arrivo-panela-768x432.png 768w, https:\/\/lalibertaria.org\/wp-content\/uploads\/2023\/10\/arrivo-panela-1536x864.png 1536w, https:\/\/lalibertaria.org\/wp-content\/uploads\/2023\/10\/arrivo-panela-1568x882.png 1568w, https:\/\/lalibertaria.org\/wp-content\/uploads\/2023\/10\/arrivo-panela-600x338.png 600w, https:\/\/lalibertaria.org\/wp-content\/uploads\/2023\/10\/arrivo-panela.png 1920w\" sizes=\"(max-width: 750px) 100vw, 750px\" style=\"width:100%;height:56.25%;max-width:1920px\" \/><noscript><img loading=\"lazy\" decoding=\"async\" width=\"750\" height=\"422\" src=\"https:\/\/lalibertaria.org\/wp-content\/uploads\/2023\/10\/arrivo-panela-1024x576.png\" class=\"attachment-large size-large wp-image-7815 lazyload\" alt=\"\" srcset=\"https:\/\/lalibertaria.org\/wp-content\/uploads\/2023\/10\/arrivo-panela-1024x576.png 1024w, https:\/\/lalibertaria.org\/wp-content\/uploads\/2023\/10\/arrivo-panela-300x169.png 300w, https:\/\/lalibertaria.org\/wp-content\/uploads\/2023\/10\/arrivo-panela-768x432.png 768w, https:\/\/lalibertaria.org\/wp-content\/uploads\/2023\/10\/arrivo-panela-1536x864.png 1536w, https:\/\/lalibertaria.org\/wp-content\/uploads\/2023\/10\/arrivo-panela-1568x882.png 1568w, https:\/\/lalibertaria.org\/wp-content\/uploads\/2023\/10\/arrivo-panela-600x338.png 600w, https:\/\/lalibertaria.org\/wp-content\/uploads\/2023\/10\/arrivo-panela.png 1920w\" sizes=\"(max-width: 750px) 100vw, 750px\" style=\"width:100%;height:56.25%;max-width:1920px\" \/><\/noscript>\t\t\t\t\t\t\t\t\t\t\t\t\t\t\t<\/div>\n\t\t\t\t<\/div>\n\t\t\t\t\t<\/div>\n\t\t<\/div>\n\t\t\t\t<div class=\"elementor-column elementor-col-50 elementor-top-column elementor-element elementor-element-a400236\" data-id=\"a400236\" data-element_type=\"column\" data-e-type=\"column\">\n\t\t\t<div class=\"elementor-widget-wrap elementor-element-populated\">\n\t\t\t\t\t\t<div class=\"elementor-element elementor-element-a6006ed elementor-widget elementor-widget-text-editor\" data-id=\"a6006ed\" data-element_type=\"widget\" data-e-type=\"widget\" data-widget_type=\"text-editor.default\">\n\t\t\t\t<div class=\"elementor-widget-container\">\n\t\t\t\t\t\t\t\t\t<div dir=\"auto\"><p>Finalmente \u00e8 arrivato!<\/p><p>\u00a0<\/p><p>Il nuovo raccolto di caff\u00e8 dai nostri produttori campesinos colombiani e zapatisti del Messico ha varcato le porte della torrefazione. Questo arrivo rappresenta anche la conclusione, dopo un anno di lungo e articolato lavoro e confronto, della nostra prima importazione diretta dalla Colombia. Grazie alla collaborazione con il collettivo tedesco Aroma Zapatista, abbiamo potuto dare seguito a una nuova importante collaborazione con il territorio del Cauca colombiano.<\/p><p>\u00a0<\/p><p>Insieme al caff\u00e8 \u00e8 finalmente arrivata la <em>panela<\/em> <strong>Las Tres<\/strong>. La <em>panela<\/em> \u00e8 uno zucchero di canna grezzo prodotto artigianalmente nei territori rurali del Cauca. Dopo il nostro viaggio nel 2022, \u00e8 nato il desiderio, con i produttori colombiani, di provare a importare anche questo alimento. Allargandoci alle componenti indigene e afrodiscendenti del Cauca, abbiamo riunito attorno alla<em> panela<\/em> <strong>Las Tres<\/strong> i tre settori che animano la lotta di resistenza politica, culturale e ambientale del mondo rurale colombiano.<\/p><\/div><p>\u00a0<\/p>\t\t\t\t\t\t\t\t<\/div>\n\t\t\t\t<\/div>\n\t\t\t\t<div class=\"elementor-element elementor-element-d3f3cc1 elementor-align-start elementor-icon-list--layout-traditional elementor-list-item-link-full_width elementor-widget elementor-widget-icon-list\" data-id=\"d3f3cc1\" data-element_type=\"widget\" data-e-type=\"widget\" data-widget_type=\"icon-list.default\">\n\t\t\t\t<div class=\"elementor-widget-container\">\n\t\t\t\t\t\t\t<ul class=\"elementor-icon-list-items\">\n\t\t\t\t\t\t\t<li class=\"elementor-icon-list-item\">\n\t\t\t\t\t\t\t\t\t\t\t<a href=\"https:\/\/lalibertaria.org\/panela\/\">\n\n\t\t\t\t\t\t\t\t\t\t\t\t<span class=\"elementor-icon-list-icon\">\n\t\t\t\t\t\t\t<i aria-hidden=\"true\" class=\"fas fa-long-arrow-alt-right\"><\/i>\t\t\t\t\t\t<\/span>\n\t\t\t\t\t\t\t\t\t\t<span class=\"elementor-icon-list-text\">Per maggiori informazioni sulla panela Las Tres\u201d<\/span>\n\t\t\t\t\t\t\t\t\t\t\t<\/a>\n\t\t\t\t\t\t\t\t\t<\/li>\n\t\t\t\t\t\t<\/ul>\n\t\t\t\t\t\t<\/div>\n\t\t\t\t<\/div>\n\t\t\t\t<div class=\"elementor-element elementor-element-4564e3b elementor-widget elementor-widget-spacer\" data-id=\"4564e3b\" data-element_type=\"widget\" data-e-type=\"widget\" data-widget_type=\"spacer.default\">\n\t\t\t\t<div class=\"elementor-widget-container\">\n\t\t\t\t\t\t\t<div class=\"elementor-spacer\">\n\t\t\t<div class=\"elementor-spacer-inner\"><\/div>\n\t\t<\/div>\n\t\t\t\t\t\t<\/div>\n\t\t\t\t<\/div>\n\t\t\t\t<div class=\"elementor-element elementor-element-f39996c elementor-widget elementor-widget-heading\" data-id=\"f39996c\" data-element_type=\"widget\" data-e-type=\"widget\" data-widget_type=\"heading.default\">\n\t\t\t\t<div class=\"elementor-widget-container\">\n\t\t\t\t\t<h2 class=\"elementor-heading-title elementor-size-default\"><a href=\"https:\/\/lalibertaria.org\/notizie\/\">Torna a Notizie  &gt;&gt;&gt;<\/a><\/h2>\t\t\t\t<\/div>\n\t\t\t\t<\/div>\n\t\t\t\t\t<\/div>\n\t\t<\/div>\n\t\t\t\t\t<\/div>\n\t\t<\/section>\n\t\t\t\t<section class=\"elementor-section elementor-top-section elementor-element elementor-element-7514a20 elementor-section-boxed elementor-section-height-default elementor-section-height-default\" data-id=\"7514a20\" data-element_type=\"section\" data-e-type=\"section\" data-settings=\"{&quot;background_background&quot;:&quot;classic&quot;}\">\n\t\t\t\t\t\t<div class=\"elementor-container elementor-column-gap-default\">\n\t\t\t\t\t<div class=\"elementor-column elementor-col-100 elementor-top-column elementor-element elementor-element-fa7d343\" data-id=\"fa7d343\" data-element_type=\"column\" data-e-type=\"column\">\n\t\t\t<div class=\"elementor-widget-wrap\">\n\t\t\t\t\t\t\t<\/div>\n\t\t<\/div>\n\t\t\t\t\t<\/div>\n\t\t<\/section>\n\t\t\t\t<\/div>\n\t\t","protected":false},"excerpt":{"rendered":"<p>\u00c8 arrivato il caff\u00e8 dal Cauca, dal Chiapas e&#8230;. lo zucchero integrale di canna! Finalmente \u00e8 arrivato! Il nuovo raccolto di caff\u00e8 dai nostri produttori campesinos colombiani e zapatisti del Messico ha varcato le porte della torrefazione. Questo arrivo rappresenta anche la conclusione, dopo un anno di lungo e articolato lavoro e confronto, della nostra&hellip; <a class=\"more-link\" href=\"https:\/\/lalibertaria.org\/e-arrivato-il-caffe-dal-cauca-dal-chiapas-e-lo-zucchero-integrale-di-canna\/\">Continua a leggere <span class=\"screen-reader-text\">\u00c8 arrivato il caff\u00e8 dal Cauca, dal Chiapas e&#8230;. lo zucchero integrale di canna!<\/span><\/a><\/p>\n","protected":false},"author":1,"featured_media":7814,"comment_status":"open","ping_status":"open","sticky":false,"template":"elementor_canvas","format":"standard","meta":{"footnotes":""},"categories":[1],"tags":[],"class_list":["post-7813","post","type-post","status-publish","format-standard","has-post-thumbnail","hentry","category-senza-categoria","entry"],"yoast_head":"<!-- This site is optimized with the Yoast SEO plugin v27.1.1 - https:\/\/yoast.com\/product\/yoast-seo-wordpress\/ -->\n<title>\u00c8 arrivato il caff\u00e8 dal Cauca, dal Chiapas e.... lo zucchero integrale di canna! - La Libertaria<\/title>\n<meta name=\"robots\" content=\"index, follow, max-snippet:-1, max-image-preview:large, max-video-preview:-1\" \/>\n<link rel=\"canonical\" href=\"https:\/\/lalibertaria.org\/e-arrivato-il-caffe-dal-cauca-dal-chiapas-e-lo-zucchero-integrale-di-canna\/\" \/>\n<meta property=\"og:locale\" content=\"it_IT\" \/>\n<meta property=\"og:type\" content=\"article\" \/>\n<meta property=\"og:title\" content=\"\u00c8 arrivato il caff\u00e8 dal Cauca, dal Chiapas e.... lo zucchero integrale di canna! - La Libertaria\" \/>\n<meta property=\"og:description\" content=\"\u00c8 arrivato il caff\u00e8 dal Cauca, dal Chiapas e&#8230;. lo zucchero integrale di canna! Finalmente \u00e8 arrivato! Il nuovo raccolto di caff\u00e8 dai nostri produttori campesinos colombiani e zapatisti del Messico ha varcato le porte della torrefazione. Questo arrivo rappresenta anche la conclusione, dopo un anno di lungo e articolato lavoro e confronto, della nostra&hellip; Continua a leggere \u00c8 arrivato il caff\u00e8 dal Cauca, dal Chiapas e&#8230;. lo zucchero integrale di canna!\" \/>\n<meta property=\"og:url\" content=\"https:\/\/lalibertaria.org\/e-arrivato-il-caffe-dal-cauca-dal-chiapas-e-lo-zucchero-integrale-di-canna\/\" \/>\n<meta property=\"og:site_name\" content=\"La Libertaria\" \/>\n<meta property=\"article:published_time\" content=\"2023-10-29T10:49:45+00:00\" \/>\n<meta property=\"article:modified_time\" content=\"2023-10-29T10:54:43+00:00\" \/>\n<meta property=\"og:image\" content=\"http:\/\/lalibertaria.org\/wp-content\/uploads\/2023\/10\/arrivo-caffe-1024x576.png\" \/>\n\t<meta property=\"og:image:width\" content=\"1024\" \/>\n\t<meta property=\"og:image:height\" content=\"576\" \/>\n\t<meta property=\"og:image:type\" content=\"image\/png\" \/>\n<meta name=\"author\" content=\"La Libertaria\" \/>\n<meta name=\"twitter:card\" content=\"summary_large_image\" \/>\n<meta name=\"twitter:creator\" content=\"@cooplalibertaria@gmail.com\" \/>\n<meta name=\"twitter:label1\" content=\"Scritto da\" \/>\n\t<meta name=\"twitter:data1\" content=\"La Libertaria\" \/>\n\t<meta name=\"twitter:label2\" content=\"Tempo di lettura stimato\" \/>\n\t<meta name=\"twitter:data2\" content=\"2 minuti\" \/>\n<script type=\"application\/ld+json\" class=\"yoast-schema-graph\">{\"@context\":\"https:\/\/schema.org\",\"@graph\":[{\"@type\":\"Article\",\"@id\":\"https:\/\/lalibertaria.org\/e-arrivato-il-caffe-dal-cauca-dal-chiapas-e-lo-zucchero-integrale-di-canna\/#article\",\"isPartOf\":{\"@id\":\"https:\/\/lalibertaria.org\/e-arrivato-il-caffe-dal-cauca-dal-chiapas-e-lo-zucchero-integrale-di-canna\/\"},\"author\":{\"name\":\"La Libertaria\",\"@id\":\"https:\/\/lalibertaria.org\/#\/schema\/person\/dfb095c0ec8e3c0d5ed3a38789c2f427\"},\"headline\":\"\u00c8 arrivato il caff\u00e8 dal Cauca, dal Chiapas e&#8230;. lo zucchero integrale di canna!\",\"datePublished\":\"2023-10-29T10:49:45+00:00\",\"dateModified\":\"2023-10-29T10:54:43+00:00\",\"mainEntityOfPage\":{\"@id\":\"https:\/\/lalibertaria.org\/e-arrivato-il-caffe-dal-cauca-dal-chiapas-e-lo-zucchero-integrale-di-canna\/\"},\"wordCount\":184,\"commentCount\":0,\"publisher\":{\"@id\":\"https:\/\/lalibertaria.org\/#organization\"},\"image\":{\"@id\":\"https:\/\/lalibertaria.org\/e-arrivato-il-caffe-dal-cauca-dal-chiapas-e-lo-zucchero-integrale-di-canna\/#primaryimage\"},\"thumbnailUrl\":\"https:\/\/lalibertaria.org\/wp-content\/uploads\/2023\/10\/arrivo-caffe.png\",\"inLanguage\":\"it-IT\",\"potentialAction\":[{\"@type\":\"CommentAction\",\"name\":\"Comment\",\"target\":[\"https:\/\/lalibertaria.org\/e-arrivato-il-caffe-dal-cauca-dal-chiapas-e-lo-zucchero-integrale-di-canna\/#respond\"]}]},{\"@type\":\"WebPage\",\"@id\":\"https:\/\/lalibertaria.org\/e-arrivato-il-caffe-dal-cauca-dal-chiapas-e-lo-zucchero-integrale-di-canna\/\",\"url\":\"https:\/\/lalibertaria.org\/e-arrivato-il-caffe-dal-cauca-dal-chiapas-e-lo-zucchero-integrale-di-canna\/\",\"name\":\"\u00c8 arrivato il caff\u00e8 dal Cauca, dal Chiapas e.... lo zucchero integrale di canna! - La Libertaria\",\"isPartOf\":{\"@id\":\"https:\/\/lalibertaria.org\/#website\"},\"primaryImageOfPage\":{\"@id\":\"https:\/\/lalibertaria.org\/e-arrivato-il-caffe-dal-cauca-dal-chiapas-e-lo-zucchero-integrale-di-canna\/#primaryimage\"},\"image\":{\"@id\":\"https:\/\/lalibertaria.org\/e-arrivato-il-caffe-dal-cauca-dal-chiapas-e-lo-zucchero-integrale-di-canna\/#primaryimage\"},\"thumbnailUrl\":\"https:\/\/lalibertaria.org\/wp-content\/uploads\/2023\/10\/arrivo-caffe.png\",\"datePublished\":\"2023-10-29T10:49:45+00:00\",\"dateModified\":\"2023-10-29T10:54:43+00:00\",\"breadcrumb\":{\"@id\":\"https:\/\/lalibertaria.org\/e-arrivato-il-caffe-dal-cauca-dal-chiapas-e-lo-zucchero-integrale-di-canna\/#breadcrumb\"},\"inLanguage\":\"it-IT\",\"potentialAction\":[{\"@type\":\"ReadAction\",\"target\":[\"https:\/\/lalibertaria.org\/e-arrivato-il-caffe-dal-cauca-dal-chiapas-e-lo-zucchero-integrale-di-canna\/\"]}]},{\"@type\":\"ImageObject\",\"inLanguage\":\"it-IT\",\"@id\":\"https:\/\/lalibertaria.org\/e-arrivato-il-caffe-dal-cauca-dal-chiapas-e-lo-zucchero-integrale-di-canna\/#primaryimage\",\"url\":\"https:\/\/lalibertaria.org\/wp-content\/uploads\/2023\/10\/arrivo-caffe.png\",\"contentUrl\":\"https:\/\/lalibertaria.org\/wp-content\/uploads\/2023\/10\/arrivo-caffe.png\",\"width\":1920,\"height\":1080},{\"@type\":\"BreadcrumbList\",\"@id\":\"https:\/\/lalibertaria.org\/e-arrivato-il-caffe-dal-cauca-dal-chiapas-e-lo-zucchero-integrale-di-canna\/#breadcrumb\",\"itemListElement\":[{\"@type\":\"ListItem\",\"position\":1,\"name\":\"Home\",\"item\":\"https:\/\/lalibertaria.org\/\"},{\"@type\":\"ListItem\",\"position\":2,\"name\":\"\u00c8 arrivato il caff\u00e8 dal Cauca, dal Chiapas e&#8230;. lo zucchero integrale di canna!\"}]},{\"@type\":\"WebSite\",\"@id\":\"https:\/\/lalibertaria.org\/#website\",\"url\":\"https:\/\/lalibertaria.org\/\",\"name\":\"La Libertaria\",\"description\":\"ETS\",\"publisher\":{\"@id\":\"https:\/\/lalibertaria.org\/#organization\"},\"potentialAction\":[{\"@type\":\"SearchAction\",\"target\":{\"@type\":\"EntryPoint\",\"urlTemplate\":\"https:\/\/lalibertaria.org\/?s={search_term_string}\"},\"query-input\":{\"@type\":\"PropertyValueSpecification\",\"valueRequired\":true,\"valueName\":\"search_term_string\"}}],\"inLanguage\":\"it-IT\"},{\"@type\":\"Organization\",\"@id\":\"https:\/\/lalibertaria.org\/#organization\",\"name\":\"La Libertaria\",\"url\":\"https:\/\/lalibertaria.org\/\",\"logo\":{\"@type\":\"ImageObject\",\"inLanguage\":\"it-IT\",\"@id\":\"https:\/\/lalibertaria.org\/#\/schema\/logo\/image\/\",\"url\":\"https:\/\/lalibertaria.org\/wp-content\/uploads\/2021\/05\/FAVICON.jpg\",\"contentUrl\":\"https:\/\/lalibertaria.org\/wp-content\/uploads\/2021\/05\/FAVICON.jpg\",\"width\":515,\"height\":491,\"caption\":\"La Libertaria\"},\"image\":{\"@id\":\"https:\/\/lalibertaria.org\/#\/schema\/logo\/image\/\"}},{\"@type\":\"Person\",\"@id\":\"https:\/\/lalibertaria.org\/#\/schema\/person\/dfb095c0ec8e3c0d5ed3a38789c2f427\",\"name\":\"La Libertaria\",\"image\":{\"@type\":\"ImageObject\",\"inLanguage\":\"it-IT\",\"@id\":\"https:\/\/lalibertaria.org\/#\/schema\/person\/image\/\",\"url\":\"https:\/\/secure.gravatar.com\/avatar\/bbbde211b0ea07e74081d750650c5c56acf7a06d7a5bee83335ce52dbd71613f?s=96&d=mm&r=g\",\"contentUrl\":\"https:\/\/secure.gravatar.com\/avatar\/bbbde211b0ea07e74081d750650c5c56acf7a06d7a5bee83335ce52dbd71613f?s=96&d=mm&r=g\",\"caption\":\"La Libertaria\"},\"sameAs\":[\"http:\/\/lalibertaria.it\",\"https:\/\/x.com\/cooplalibertaria@gmail.com\"],\"url\":\"https:\/\/lalibertaria.org\/author\/cooplalibertariagmail-com\/\"}]}<\/script>\n<!-- \/ Yoast SEO plugin. -->","yoast_head_json":{"title":"\u00c8 arrivato il caff\u00e8 dal Cauca, dal Chiapas e.... lo zucchero integrale di canna! - La Libertaria","robots":{"index":"index","follow":"follow","max-snippet":"max-snippet:-1","max-image-preview":"max-image-preview:large","max-video-preview":"max-video-preview:-1"},"canonical":"https:\/\/lalibertaria.org\/e-arrivato-il-caffe-dal-cauca-dal-chiapas-e-lo-zucchero-integrale-di-canna\/","og_locale":"it_IT","og_type":"article","og_title":"\u00c8 arrivato il caff\u00e8 dal Cauca, dal Chiapas e.... lo zucchero integrale di canna! - La Libertaria","og_description":"\u00c8 arrivato il caff\u00e8 dal Cauca, dal Chiapas e&#8230;. lo zucchero integrale di canna! Finalmente \u00e8 arrivato! Il nuovo raccolto di caff\u00e8 dai nostri produttori campesinos colombiani e zapatisti del Messico ha varcato le porte della torrefazione. Questo arrivo rappresenta anche la conclusione, dopo un anno di lungo e articolato lavoro e confronto, della nostra&hellip; Continua a leggere \u00c8 arrivato il caff\u00e8 dal Cauca, dal Chiapas e&#8230;. lo zucchero integrale di canna!","og_url":"https:\/\/lalibertaria.org\/e-arrivato-il-caffe-dal-cauca-dal-chiapas-e-lo-zucchero-integrale-di-canna\/","og_site_name":"La Libertaria","article_published_time":"2023-10-29T10:49:45+00:00","article_modified_time":"2023-10-29T10:54:43+00:00","og_image":[{"width":1024,"height":576,"url":"http:\/\/lalibertaria.org\/wp-content\/uploads\/2023\/10\/arrivo-caffe-1024x576.png","type":"image\/png"}],"author":"La Libertaria","twitter_card":"summary_large_image","twitter_creator":"@cooplalibertaria@gmail.com","twitter_misc":{"Scritto da":"La Libertaria","Tempo di lettura stimato":"2 minuti"},"schema":{"@context":"https:\/\/schema.org","@graph":[{"@type":"Article","@id":"https:\/\/lalibertaria.org\/e-arrivato-il-caffe-dal-cauca-dal-chiapas-e-lo-zucchero-integrale-di-canna\/#article","isPartOf":{"@id":"https:\/\/lalibertaria.org\/e-arrivato-il-caffe-dal-cauca-dal-chiapas-e-lo-zucchero-integrale-di-canna\/"},"author":{"name":"La Libertaria","@id":"https:\/\/lalibertaria.org\/#\/schema\/person\/dfb095c0ec8e3c0d5ed3a38789c2f427"},"headline":"\u00c8 arrivato il caff\u00e8 dal Cauca, dal Chiapas e&#8230;. lo zucchero integrale di canna!","datePublished":"2023-10-29T10:49:45+00:00","dateModified":"2023-10-29T10:54:43+00:00","mainEntityOfPage":{"@id":"https:\/\/lalibertaria.org\/e-arrivato-il-caffe-dal-cauca-dal-chiapas-e-lo-zucchero-integrale-di-canna\/"},"wordCount":184,"commentCount":0,"publisher":{"@id":"https:\/\/lalibertaria.org\/#organization"},"image":{"@id":"https:\/\/lalibertaria.org\/e-arrivato-il-caffe-dal-cauca-dal-chiapas-e-lo-zucchero-integrale-di-canna\/#primaryimage"},"thumbnailUrl":"https:\/\/lalibertaria.org\/wp-content\/uploads\/2023\/10\/arrivo-caffe.png","inLanguage":"it-IT","potentialAction":[{"@type":"CommentAction","name":"Comment","target":["https:\/\/lalibertaria.org\/e-arrivato-il-caffe-dal-cauca-dal-chiapas-e-lo-zucchero-integrale-di-canna\/#respond"]}]},{"@type":"WebPage","@id":"https:\/\/lalibertaria.org\/e-arrivato-il-caffe-dal-cauca-dal-chiapas-e-lo-zucchero-integrale-di-canna\/","url":"https:\/\/lalibertaria.org\/e-arrivato-il-caffe-dal-cauca-dal-chiapas-e-lo-zucchero-integrale-di-canna\/","name":"\u00c8 arrivato il caff\u00e8 dal Cauca, dal Chiapas e.... lo zucchero integrale di canna! - La Libertaria","isPartOf":{"@id":"https:\/\/lalibertaria.org\/#website"},"primaryImageOfPage":{"@id":"https:\/\/lalibertaria.org\/e-arrivato-il-caffe-dal-cauca-dal-chiapas-e-lo-zucchero-integrale-di-canna\/#primaryimage"},"image":{"@id":"https:\/\/lalibertaria.org\/e-arrivato-il-caffe-dal-cauca-dal-chiapas-e-lo-zucchero-integrale-di-canna\/#primaryimage"},"thumbnailUrl":"https:\/\/lalibertaria.org\/wp-content\/uploads\/2023\/10\/arrivo-caffe.png","datePublished":"2023-10-29T10:49:45+00:00","dateModified":"2023-10-29T10:54:43+00:00","breadcrumb":{"@id":"https:\/\/lalibertaria.org\/e-arrivato-il-caffe-dal-cauca-dal-chiapas-e-lo-zucchero-integrale-di-canna\/#breadcrumb"},"inLanguage":"it-IT","potentialAction":[{"@type":"ReadAction","target":["https:\/\/lalibertaria.org\/e-arrivato-il-caffe-dal-cauca-dal-chiapas-e-lo-zucchero-integrale-di-canna\/"]}]},{"@type":"ImageObject","inLanguage":"it-IT","@id":"https:\/\/lalibertaria.org\/e-arrivato-il-caffe-dal-cauca-dal-chiapas-e-lo-zucchero-integrale-di-canna\/#primaryimage","url":"https:\/\/lalibertaria.org\/wp-content\/uploads\/2023\/10\/arrivo-caffe.png","contentUrl":"https:\/\/lalibertaria.org\/wp-content\/uploads\/2023\/10\/arrivo-caffe.png","width":1920,"height":1080},{"@type":"BreadcrumbList","@id":"https:\/\/lalibertaria.org\/e-arrivato-il-caffe-dal-cauca-dal-chiapas-e-lo-zucchero-integrale-di-canna\/#breadcrumb","itemListElement":[{"@type":"ListItem","position":1,"name":"Home","item":"https:\/\/lalibertaria.org\/"},{"@type":"ListItem","position":2,"name":"\u00c8 arrivato il caff\u00e8 dal Cauca, dal Chiapas e&#8230;. lo zucchero integrale di canna!"}]},{"@type":"WebSite","@id":"https:\/\/lalibertaria.org\/#website","url":"https:\/\/lalibertaria.org\/","name":"La Libertaria","description":"ETS","publisher":{"@id":"https:\/\/lalibertaria.org\/#organization"},"potentialAction":[{"@type":"SearchAction","target":{"@type":"EntryPoint","urlTemplate":"https:\/\/lalibertaria.org\/?s={search_term_string}"},"query-input":{"@type":"PropertyValueSpecification","valueRequired":true,"valueName":"search_term_string"}}],"inLanguage":"it-IT"},{"@type":"Organization","@id":"https:\/\/lalibertaria.org\/#organization","name":"La Libertaria","url":"https:\/\/lalibertaria.org\/","logo":{"@type":"ImageObject","inLanguage":"it-IT","@id":"https:\/\/lalibertaria.org\/#\/schema\/logo\/image\/","url":"https:\/\/lalibertaria.org\/wp-content\/uploads\/2021\/05\/FAVICON.jpg","contentUrl":"https:\/\/lalibertaria.org\/wp-content\/uploads\/2021\/05\/FAVICON.jpg","width":515,"height":491,"caption":"La Libertaria"},"image":{"@id":"https:\/\/lalibertaria.org\/#\/schema\/logo\/image\/"}},{"@type":"Person","@id":"https:\/\/lalibertaria.org\/#\/schema\/person\/dfb095c0ec8e3c0d5ed3a38789c2f427","name":"La Libertaria","image":{"@type":"ImageObject","inLanguage":"it-IT","@id":"https:\/\/lalibertaria.org\/#\/schema\/person\/image\/","url":"https:\/\/secure.gravatar.com\/avatar\/bbbde211b0ea07e74081d750650c5c56acf7a06d7a5bee83335ce52dbd71613f?s=96&d=mm&r=g","contentUrl":"https:\/\/secure.gravatar.com\/avatar\/bbbde211b0ea07e74081d750650c5c56acf7a06d7a5bee83335ce52dbd71613f?s=96&d=mm&r=g","caption":"La Libertaria"},"sameAs":["http:\/\/lalibertaria.it","https:\/\/x.com\/cooplalibertaria@gmail.com"],"url":"https:\/\/lalibertaria.org\/author\/cooplalibertariagmail-com\/"}]}},"_links":{"self":[{"href":"https:\/\/lalibertaria.org\/wp-json\/wp\/v2\/posts\/7813","targetHints":{"allow":["GET"]}}],"collection":[{"href":"https:\/\/lalibertaria.org\/wp-json\/wp\/v2\/posts"}],"about":[{"href":"https:\/\/lalibertaria.org\/wp-json\/wp\/v2\/types\/post"}],"author":[{"embeddable":true,"href":"https:\/\/lalibertaria.org\/wp-json\/wp\/v2\/users\/1"}],"replies":[{"embeddable":true,"href":"https:\/\/lalibertaria.org\/wp-json\/wp\/v2\/comments?post=7813"}],"version-history":[{"count":8,"href":"https:\/\/lalibertaria.org\/wp-json\/wp\/v2\/posts\/7813\/revisions"}],"predecessor-version":[{"id":7823,"href":"https:\/\/lalibertaria.org\/wp-json\/wp\/v2\/posts\/7813\/revisions\/7823"}],"wp:featuredmedia":[{"embeddable":true,"href":"https:\/\/lalibertaria.org\/wp-json\/wp\/v2\/media\/7814"}],"wp:attachment":[{"href":"https:\/\/lalibertaria.org\/wp-json\/wp\/v2\/media?parent=7813"}],"wp:term":[{"taxonomy":"category","embeddable":true,"href":"https:\/\/lalibertaria.org\/wp-json\/wp\/v2\/categories?post=7813"},{"taxonomy":"post_tag","embeddable":true,"href":"https:\/\/lalibertaria.org\/wp-json\/wp\/v2\/tags?post=7813"}],"curies":[{"name":"wp","href":"https:\/\/api.w.org\/{rel}","templated":true}]}}