{"id":6201,"date":"2023-01-11T11:48:10","date_gmt":"2023-01-11T11:48:10","guid":{"rendered":"https:\/\/lalibertaria.org\/?p=6201"},"modified":"2023-01-12T14:21:25","modified_gmt":"2023-01-12T14:21:25","slug":"il-caffe-etico-e-libertario-dal-contadino-al-consumatore","status":"publish","type":"post","link":"https:\/\/lalibertaria.org\/il-caffe-etico-e-libertario-dal-contadino-al-consumatore\/","title":{"rendered":"Il caff\u00e8 \u201cetico e libertario, dal contadino al consumatore\u201d"},"content":{"rendered":"\t\t<div data-elementor-type=\"wp-post\" data-elementor-id=\"6201\" class=\"elementor elementor-6201\" data-elementor-post-type=\"post\">\n\t\t\t\t\t\t<section class=\"elementor-section elementor-top-section elementor-element elementor-element-c40f504 elementor-section-height-min-height elementor-section-items-top elementor-section-boxed elementor-section-height-default\" data-id=\"c40f504\" data-element_type=\"section\" data-e-type=\"section\" data-settings=\"{&quot;background_background&quot;:&quot;classic&quot;}\">\n\t\t\t\t\t\t<div class=\"elementor-container elementor-column-gap-default\">\n\t\t\t\t\t<div class=\"elementor-column elementor-col-50 elementor-top-column elementor-element elementor-element-e135662\" data-id=\"e135662\" data-element_type=\"column\" data-e-type=\"column\">\n\t\t\t<div class=\"elementor-widget-wrap elementor-element-populated\">\n\t\t\t\t\t\t<div class=\"elementor-element elementor-element-1b1509b elementor-widget elementor-widget-image\" data-id=\"1b1509b\" data-element_type=\"widget\" data-e-type=\"widget\" data-widget_type=\"image.default\">\n\t\t\t\t<div class=\"elementor-widget-container\">\n\t\t\t\t\t\t\t\t\t\t\t\t\t\t\t<img fetchpriority=\"high\" decoding=\"async\" width=\"683\" height=\"1024\" src=\"data:image\/gif;base64,R0lGODlhAQABAIAAAAAAAP\/\/\/yH5BAEAAAAALAAAAAABAAEAAAIBRAA7\" data-src=\"https:\/\/lalibertaria.org\/wp-content\/uploads\/2023\/01\/La_Libertaria_01_VAR4730-1_rit01b_BW_1280x1920px-683x1024.jpeg\" class=\"attachment-large size-large wp-image-6202 lazyload\" alt=\"\" data-srcset=\"https:\/\/lalibertaria.org\/wp-content\/uploads\/2023\/01\/La_Libertaria_01_VAR4730-1_rit01b_BW_1280x1920px-683x1024.jpeg 683w, https:\/\/lalibertaria.org\/wp-content\/uploads\/2023\/01\/La_Libertaria_01_VAR4730-1_rit01b_BW_1280x1920px-200x300.jpeg 200w, https:\/\/lalibertaria.org\/wp-content\/uploads\/2023\/01\/La_Libertaria_01_VAR4730-1_rit01b_BW_1280x1920px-768x1152.jpeg 768w, https:\/\/lalibertaria.org\/wp-content\/uploads\/2023\/01\/La_Libertaria_01_VAR4730-1_rit01b_BW_1280x1920px-1024x1536.jpeg 1024w, https:\/\/lalibertaria.org\/wp-content\/uploads\/2023\/01\/La_Libertaria_01_VAR4730-1_rit01b_BW_1280x1920px-600x900.jpeg 600w, https:\/\/lalibertaria.org\/wp-content\/uploads\/2023\/01\/La_Libertaria_01_VAR4730-1_rit01b_BW_1280x1920px.jpeg 1280w\" sizes=\"(max-width: 683px) 100vw, 683px\" style=\"width:100%;height:150%;max-width:1280px\" \/><noscript><img decoding=\"async\" width=\"683\" height=\"1024\" src=\"https:\/\/lalibertaria.org\/wp-content\/uploads\/2023\/01\/La_Libertaria_01_VAR4730-1_rit01b_BW_1280x1920px-683x1024.jpeg\" class=\"attachment-large size-large wp-image-6202 lazyload\" alt=\"\" srcset=\"https:\/\/lalibertaria.org\/wp-content\/uploads\/2023\/01\/La_Libertaria_01_VAR4730-1_rit01b_BW_1280x1920px-683x1024.jpeg 683w, https:\/\/lalibertaria.org\/wp-content\/uploads\/2023\/01\/La_Libertaria_01_VAR4730-1_rit01b_BW_1280x1920px-200x300.jpeg 200w, https:\/\/lalibertaria.org\/wp-content\/uploads\/2023\/01\/La_Libertaria_01_VAR4730-1_rit01b_BW_1280x1920px-768x1152.jpeg 768w, https:\/\/lalibertaria.org\/wp-content\/uploads\/2023\/01\/La_Libertaria_01_VAR4730-1_rit01b_BW_1280x1920px-1024x1536.jpeg 1024w, https:\/\/lalibertaria.org\/wp-content\/uploads\/2023\/01\/La_Libertaria_01_VAR4730-1_rit01b_BW_1280x1920px-600x900.jpeg 600w, https:\/\/lalibertaria.org\/wp-content\/uploads\/2023\/01\/La_Libertaria_01_VAR4730-1_rit01b_BW_1280x1920px.jpeg 1280w\" sizes=\"(max-width: 683px) 100vw, 683px\" style=\"width:100%;height:150%;max-width:1280px\" \/><\/noscript>\t\t\t\t\t\t\t\t\t\t\t\t\t\t\t<\/div>\n\t\t\t\t<\/div>\n\t\t\t\t\t<\/div>\n\t\t<\/div>\n\t\t\t\t<div class=\"elementor-column elementor-col-50 elementor-top-column elementor-element elementor-element-a400236\" data-id=\"a400236\" data-element_type=\"column\" data-e-type=\"column\">\n\t\t\t<div class=\"elementor-widget-wrap elementor-element-populated\">\n\t\t\t\t\t\t<div class=\"elementor-element elementor-element-99dcc34 elementor-widget elementor-widget-heading\" data-id=\"99dcc34\" data-element_type=\"widget\" data-e-type=\"widget\" data-widget_type=\"heading.default\">\n\t\t\t\t<div class=\"elementor-widget-container\">\n\t\t\t\t\t<h2 class=\"elementor-heading-title elementor-size-medium\">Cooperativa La Libertaria \u2013 Torrefazione Autogestita - Lecco - Il caff\u00e8 \u201cetico e libertario, dal contadino al consumatore\u201d<\/h2>\t\t\t\t<\/div>\n\t\t\t\t<\/div>\n\t\t\t\t<div class=\"elementor-element elementor-element-c6be0c8 elementor-widget elementor-widget-heading\" data-id=\"c6be0c8\" data-element_type=\"widget\" data-e-type=\"widget\" data-widget_type=\"heading.default\">\n\t\t\t\t<div class=\"elementor-widget-container\">\n\t\t\t\t\t<h3 class=\"elementor-heading-title elementor-size-small\">By Antonella Pianca - Categoria: Storie contadine  <\/h3>\t\t\t\t<\/div>\n\t\t\t\t<\/div>\n\t\t\t\t<div class=\"elementor-element elementor-element-a6006ed elementor-widget elementor-widget-text-editor\" data-id=\"a6006ed\" data-element_type=\"widget\" data-e-type=\"widget\" data-widget_type=\"text-editor.default\">\n\t\t\t\t<div class=\"elementor-widget-container\">\n\t\t\t\t\t\t\t\t\t<p>Il progetto della torrefazione artigiana <strong><em>\u201cCooperativa La Libertaria\u201d<\/em><\/strong> \u00e8 nato a Lecco nell\u2019estate dell\u2019anno 2020, con l\u2019obiettivo di costruire <em>una realt\u00e0 lavorativa senza gerarchie, <\/em>che ponga al centro i valori dell\u2019<em>autogestione<\/em>, <em>della solidariet\u00e0 e del mutualismo<\/em>. La <strong><em>\u201cCooperativa La Libertaria\u201d<\/em><\/strong>, che continua il percorso iniziato dal collettivo di <strong><em>Caff\u00e8 Malatesta<\/em><\/strong>, distribuisce <em>caff\u00e8 artigianale e solidale,<\/em> prodotto da piccole realt\u00e0 contadine e importato in Italia da progetti di solidariet\u00e0 che valorizzano i diritti economici e sociali dei produttori che coltivano il caff\u00e8 salvaguardando l\u2019ambiente.<\/p><p>L\u2019incontro con <strong><em>Rado<\/em><\/strong> e <strong><em>Riccardo<\/em><\/strong><em>, <\/em>della <strong><em>\u201cCooperativa La Libertaria\u201d<\/em><\/strong> di <em>Lecco<\/em>, ci ha dato l\u2019opportunit\u00e0 di conoscere questa realt\u00e0 di lavoro collettivo e di ampliare le nostre conoscenze sulla produzione del caff\u00e8 e sull\u2019intera filiera che parte dal lavoro dei contadini, per finire con il processo di trasformazione. A livello economico il caff\u00e8 \u00e8 un bene che, al pari di altri prodotti agricoli, rientra fra le c.d. <em>commodity<a href=\"https:\/\/retecontadina.it\/storie-contadine\/232-cooperativa-la-libertaria-torrefazione-autogestita-lecco-il-caffe-etico-e-libertario-dal-contadino-al-consumatore#_ftn1\" name=\"_ftnref1\"><strong>[1]<\/strong><\/a><\/em> e risulta essere la merce pi\u00f9 scambiata al mondo dopo i prodotti petroliferi, con le conseguenti problematiche di ordine economico, ecologico e di giustizia sociale.<\/p><p>[&#8230;]<\/p>\t\t\t\t\t\t\t\t<\/div>\n\t\t\t\t<\/div>\n\t\t\t\t<div class=\"elementor-element elementor-element-e695592 elementor-widget elementor-widget-gallery\" data-id=\"e695592\" data-element_type=\"widget\" data-e-type=\"widget\" data-settings=\"{&quot;columns&quot;:3,&quot;aspect_ratio&quot;:&quot;1:1&quot;,&quot;lazyload&quot;:&quot;yes&quot;,&quot;gallery_layout&quot;:&quot;grid&quot;,&quot;columns_tablet&quot;:2,&quot;columns_mobile&quot;:1,&quot;gap&quot;:{&quot;unit&quot;:&quot;px&quot;,&quot;size&quot;:10,&quot;sizes&quot;:[]},&quot;gap_tablet&quot;:{&quot;unit&quot;:&quot;px&quot;,&quot;size&quot;:10,&quot;sizes&quot;:[]},&quot;gap_mobile&quot;:{&quot;unit&quot;:&quot;px&quot;,&quot;size&quot;:10,&quot;sizes&quot;:[]},&quot;link_to&quot;:&quot;file&quot;,&quot;overlay_background&quot;:&quot;yes&quot;,&quot;content_hover_animation&quot;:&quot;fade-in&quot;}\" data-widget_type=\"gallery.default\">\n\t\t\t\t<div class=\"elementor-widget-container\">\n\t\t\t\t\t\t\t<div class=\"elementor-gallery__container\">\n\t\t\t\t\t\t\t<a class=\"e-gallery-item elementor-gallery-item elementor-animated-content\" href=\"https:\/\/lalibertaria.org\/wp-content\/uploads\/2023\/01\/La_Libertaria_04_VAR4756-1_rit01_1920x1280px_BW.jpeg\" data-elementor-open-lightbox=\"yes\" data-elementor-lightbox-slideshow=\"e695592\" data-elementor-lightbox-title=\"La_Libertaria_04_VAR4756-1_rit01_1920x1280px_BW\" data-e-action-hash=\"#elementor-action%3Aaction%3Dlightbox%26settings%3DeyJpZCI6NjIwNSwidXJsIjoiaHR0cHM6XC9cL2xhbGliZXJ0YXJpYS5vcmdcL3dwLWNvbnRlbnRcL3VwbG9hZHNcLzIwMjNcLzAxXC9MYV9MaWJlcnRhcmlhXzA0X1ZBUjQ3NTYtMV9yaXQwMV8xOTIweDEyODBweF9CVy5qcGVnIiwic2xpZGVzaG93IjoiZTY5NTU5MiJ9\">\n\t\t\t\t\t<div class=\"e-gallery-image elementor-gallery-item__image\" data-thumbnail=\"https:\/\/lalibertaria.org\/wp-content\/uploads\/2023\/01\/La_Libertaria_04_VAR4756-1_rit01_1920x1280px_BW-300x200.jpeg\" data-width=\"300\" data-height=\"200\" aria-label=\"\" role=\"img\" ><\/div>\n\t\t\t\t\t\t\t\t\t\t\t<div class=\"elementor-gallery-item__overlay\"><\/div>\n\t\t\t\t\t\t\t\t\t\t\t\t\t\t<\/a>\n\t\t\t\t\t\t\t<a class=\"e-gallery-item elementor-gallery-item elementor-animated-content\" href=\"https:\/\/lalibertaria.org\/wp-content\/uploads\/2023\/01\/La_Libertaria_03_VAR4722-1_rit01_1920x1280px_BW.jpeg\" data-elementor-open-lightbox=\"yes\" data-elementor-lightbox-slideshow=\"e695592\" data-elementor-lightbox-title=\"La_Libertaria_03_VAR4722-1_rit01_1920x1280px_BW\" data-e-action-hash=\"#elementor-action%3Aaction%3Dlightbox%26settings%3DeyJpZCI6NjIwNCwidXJsIjoiaHR0cHM6XC9cL2xhbGliZXJ0YXJpYS5vcmdcL3dwLWNvbnRlbnRcL3VwbG9hZHNcLzIwMjNcLzAxXC9MYV9MaWJlcnRhcmlhXzAzX1ZBUjQ3MjItMV9yaXQwMV8xOTIweDEyODBweF9CVy5qcGVnIiwic2xpZGVzaG93IjoiZTY5NTU5MiJ9\">\n\t\t\t\t\t<div class=\"e-gallery-image elementor-gallery-item__image\" data-thumbnail=\"https:\/\/lalibertaria.org\/wp-content\/uploads\/2023\/01\/La_Libertaria_03_VAR4722-1_rit01_1920x1280px_BW-300x200.jpeg\" data-width=\"300\" data-height=\"200\" aria-label=\"\" role=\"img\" ><\/div>\n\t\t\t\t\t\t\t\t\t\t\t<div class=\"elementor-gallery-item__overlay\"><\/div>\n\t\t\t\t\t\t\t\t\t\t\t\t\t\t<\/a>\n\t\t\t\t\t\t\t<a class=\"e-gallery-item elementor-gallery-item elementor-animated-content\" href=\"https:\/\/lalibertaria.org\/wp-content\/uploads\/2023\/01\/La_Libertaria_02_VAR4733-1_rit01_1920x1280px_BW.jpeg\" data-elementor-open-lightbox=\"yes\" data-elementor-lightbox-slideshow=\"e695592\" data-elementor-lightbox-title=\"La_Libertaria_02_VAR4733-1_rit01_1920x1280px_BW\" data-e-action-hash=\"#elementor-action%3Aaction%3Dlightbox%26settings%3DeyJpZCI6NjIwMywidXJsIjoiaHR0cHM6XC9cL2xhbGliZXJ0YXJpYS5vcmdcL3dwLWNvbnRlbnRcL3VwbG9hZHNcLzIwMjNcLzAxXC9MYV9MaWJlcnRhcmlhXzAyX1ZBUjQ3MzMtMV9yaXQwMV8xOTIweDEyODBweF9CVy5qcGVnIiwic2xpZGVzaG93IjoiZTY5NTU5MiJ9\">\n\t\t\t\t\t<div class=\"e-gallery-image elementor-gallery-item__image\" data-thumbnail=\"https:\/\/lalibertaria.org\/wp-content\/uploads\/2023\/01\/La_Libertaria_02_VAR4733-1_rit01_1920x1280px_BW-300x200.jpeg\" data-width=\"300\" data-height=\"200\" aria-label=\"\" role=\"img\" ><\/div>\n\t\t\t\t\t\t\t\t\t\t\t<div class=\"elementor-gallery-item__overlay\"><\/div>\n\t\t\t\t\t\t\t\t\t\t\t\t\t\t<\/a>\n\t\t\t\t\t<\/div>\n\t\t\t\t\t<\/div>\n\t\t\t\t<\/div>\n\t\t\t\t<div class=\"elementor-element elementor-element-322c8f2 elementor-widget elementor-widget-text-editor\" data-id=\"322c8f2\" data-element_type=\"widget\" data-e-type=\"widget\" data-widget_type=\"text-editor.default\">\n\t\t\t\t<div class=\"elementor-widget-container\">\n\t\t\t\t\t\t\t\t\t<p style=\"text-align: right;\">Foto di Giovanni Damian \u00a92022<\/p>\t\t\t\t\t\t\t\t<\/div>\n\t\t\t\t<\/div>\n\t\t\t\t<div class=\"elementor-element elementor-element-3a8f233 elementor-widget elementor-widget-heading\" data-id=\"3a8f233\" data-element_type=\"widget\" data-e-type=\"widget\" data-widget_type=\"heading.default\">\n\t\t\t\t<div class=\"elementor-widget-container\">\n\t\t\t\t\t<h2 class=\"elementor-heading-title elementor-size-default\">[Leggi tutto l'articolo sul sito di Rete Contadina]<\/h2>\t\t\t\t<\/div>\n\t\t\t\t<\/div>\n\t\t\t\t<div class=\"elementor-element elementor-element-8115192 elementor-widget elementor-widget-button\" data-id=\"8115192\" data-element_type=\"widget\" data-e-type=\"widget\" data-widget_type=\"button.default\">\n\t\t\t\t<div class=\"elementor-widget-container\">\n\t\t\t\t\t\t\t\t\t<div class=\"elementor-button-wrapper\">\n\t\t\t\t\t<a class=\"elementor-button elementor-button-link elementor-size-sm\" href=\"https:\/\/retecontadina.it\/storie-contadine\/232-cooperativa-la-libertaria-torrefazione-autogestita-lecco-il-caffe-etico-e-libertario-dal-contadino-al-consumatore#\">\n\t\t\t\t\t\t<span class=\"elementor-button-content-wrapper\">\n\t\t\t\t\t\t\t\t\t<span class=\"elementor-button-text\">articolo completo<\/span>\n\t\t\t\t\t<\/span>\n\t\t\t\t\t<\/a>\n\t\t\t\t<\/div>\n\t\t\t\t\t\t\t\t<\/div>\n\t\t\t\t<\/div>\n\t\t\t\t<div class=\"elementor-element elementor-element-368bb37 elementor-widget elementor-widget-spacer\" data-id=\"368bb37\" data-element_type=\"widget\" data-e-type=\"widget\" data-widget_type=\"spacer.default\">\n\t\t\t\t<div class=\"elementor-widget-container\">\n\t\t\t\t\t\t\t<div class=\"elementor-spacer\">\n\t\t\t<div class=\"elementor-spacer-inner\"><\/div>\n\t\t<\/div>\n\t\t\t\t\t\t<\/div>\n\t\t\t\t<\/div>\n\t\t\t\t<div class=\"elementor-element elementor-element-f39996c elementor-widget elementor-widget-heading\" data-id=\"f39996c\" data-element_type=\"widget\" data-e-type=\"widget\" data-widget_type=\"heading.default\">\n\t\t\t\t<div class=\"elementor-widget-container\">\n\t\t\t\t\t<h2 class=\"elementor-heading-title elementor-size-default\"><a href=\"https:\/\/lalibertaria.org\/notizie\/\">Torna a Notizie  &gt;&gt;&gt;<\/a><\/h2>\t\t\t\t<\/div>\n\t\t\t\t<\/div>\n\t\t\t\t<div class=\"elementor-element elementor-element-4564e3b elementor-widget elementor-widget-spacer\" data-id=\"4564e3b\" data-element_type=\"widget\" data-e-type=\"widget\" data-widget_type=\"spacer.default\">\n\t\t\t\t<div class=\"elementor-widget-container\">\n\t\t\t\t\t\t\t<div class=\"elementor-spacer\">\n\t\t\t<div class=\"elementor-spacer-inner\"><\/div>\n\t\t<\/div>\n\t\t\t\t\t\t<\/div>\n\t\t\t\t<\/div>\n\t\t\t\t\t<\/div>\n\t\t<\/div>\n\t\t\t\t\t<\/div>\n\t\t<\/section>\n\t\t\t\t<\/div>\n\t\t","protected":false},"excerpt":{"rendered":"<p>Cooperativa La Libertaria \u2013 Torrefazione Autogestita &#8211; Lecco &#8211; Il caff\u00e8 \u201cetico e libertario, dal contadino al consumatore\u201d By Antonella Pianca &#8211; Categoria: Storie contadine Il progetto della torrefazione artigiana \u201cCooperativa La Libertaria\u201d \u00e8 nato a Lecco nell\u2019estate dell\u2019anno 2020, con l\u2019obiettivo di costruire una realt\u00e0 lavorativa senza gerarchie, che ponga al centro i valori&hellip; <a class=\"more-link\" href=\"https:\/\/lalibertaria.org\/il-caffe-etico-e-libertario-dal-contadino-al-consumatore\/\">Continua a leggere <span class=\"screen-reader-text\">Il caff\u00e8 \u201cetico e libertario, dal contadino al consumatore\u201d<\/span><\/a><\/p>\n","protected":false},"author":1,"featured_media":6288,"comment_status":"open","ping_status":"open","sticky":false,"template":"elementor_canvas","format":"standard","meta":{"footnotes":""},"categories":[1],"tags":[],"class_list":["post-6201","post","type-post","status-publish","format-standard","has-post-thumbnail","hentry","category-senza-categoria","entry"],"yoast_head":"<!-- This site is optimized with the Yoast SEO plugin v27.1.1 - https:\/\/yoast.com\/product\/yoast-seo-wordpress\/ -->\n<title>Il caff\u00e8 \u201cetico e libertario, dal contadino al consumatore\u201d - La Libertaria<\/title>\n<meta name=\"robots\" content=\"index, follow, max-snippet:-1, max-image-preview:large, max-video-preview:-1\" \/>\n<link rel=\"canonical\" href=\"https:\/\/lalibertaria.org\/il-caffe-etico-e-libertario-dal-contadino-al-consumatore\/\" \/>\n<meta property=\"og:locale\" content=\"it_IT\" \/>\n<meta property=\"og:type\" content=\"article\" \/>\n<meta property=\"og:title\" content=\"Il caff\u00e8 \u201cetico e libertario, dal contadino al consumatore\u201d - La Libertaria\" \/>\n<meta property=\"og:description\" content=\"Cooperativa La Libertaria \u2013 Torrefazione Autogestita &#8211; Lecco &#8211; Il caff\u00e8 \u201cetico e libertario, dal contadino al consumatore\u201d By Antonella Pianca &#8211; Categoria: Storie contadine Il progetto della torrefazione artigiana \u201cCooperativa La Libertaria\u201d \u00e8 nato a Lecco nell\u2019estate dell\u2019anno 2020, con l\u2019obiettivo di costruire una realt\u00e0 lavorativa senza gerarchie, che ponga al centro i valori&hellip; Continua a leggere Il caff\u00e8 \u201cetico e libertario, dal contadino al consumatore\u201d\" \/>\n<meta property=\"og:url\" content=\"https:\/\/lalibertaria.org\/il-caffe-etico-e-libertario-dal-contadino-al-consumatore\/\" \/>\n<meta property=\"og:site_name\" content=\"La Libertaria\" \/>\n<meta property=\"article:published_time\" content=\"2023-01-11T11:48:10+00:00\" \/>\n<meta property=\"article:modified_time\" content=\"2023-01-12T14:21:25+00:00\" \/>\n<meta property=\"og:image\" content=\"http:\/\/lalibertaria.org\/wp-content\/uploads\/2023\/01\/immaginec.jpeg\" \/>\n\t<meta property=\"og:image:width\" content=\"1355\" \/>\n\t<meta property=\"og:image:height\" content=\"1280\" \/>\n\t<meta property=\"og:image:type\" content=\"image\/jpeg\" \/>\n<meta name=\"author\" content=\"La Libertaria\" \/>\n<meta name=\"twitter:card\" content=\"summary_large_image\" \/>\n<meta name=\"twitter:creator\" content=\"@cooplalibertaria@gmail.com\" \/>\n<meta name=\"twitter:label1\" content=\"Scritto da\" \/>\n\t<meta name=\"twitter:data1\" content=\"La Libertaria\" \/>\n\t<meta name=\"twitter:label2\" content=\"Tempo di lettura stimato\" \/>\n\t<meta name=\"twitter:data2\" content=\"2 minuti\" \/>\n<script type=\"application\/ld+json\" class=\"yoast-schema-graph\">{\"@context\":\"https:\/\/schema.org\",\"@graph\":[{\"@type\":\"Article\",\"@id\":\"https:\/\/lalibertaria.org\/il-caffe-etico-e-libertario-dal-contadino-al-consumatore\/#article\",\"isPartOf\":{\"@id\":\"https:\/\/lalibertaria.org\/il-caffe-etico-e-libertario-dal-contadino-al-consumatore\/\"},\"author\":{\"name\":\"La Libertaria\",\"@id\":\"https:\/\/lalibertaria.org\/#\/schema\/person\/dfb095c0ec8e3c0d5ed3a38789c2f427\"},\"headline\":\"Il caff\u00e8 \u201cetico e libertario, dal contadino al consumatore\u201d\",\"datePublished\":\"2023-01-11T11:48:10+00:00\",\"dateModified\":\"2023-01-12T14:21:25+00:00\",\"mainEntityOfPage\":{\"@id\":\"https:\/\/lalibertaria.org\/il-caffe-etico-e-libertario-dal-contadino-al-consumatore\/\"},\"wordCount\":236,\"commentCount\":0,\"publisher\":{\"@id\":\"https:\/\/lalibertaria.org\/#organization\"},\"image\":{\"@id\":\"https:\/\/lalibertaria.org\/il-caffe-etico-e-libertario-dal-contadino-al-consumatore\/#primaryimage\"},\"thumbnailUrl\":\"https:\/\/lalibertaria.org\/wp-content\/uploads\/2023\/01\/immaginec.jpeg\",\"inLanguage\":\"it-IT\",\"potentialAction\":[{\"@type\":\"CommentAction\",\"name\":\"Comment\",\"target\":[\"https:\/\/lalibertaria.org\/il-caffe-etico-e-libertario-dal-contadino-al-consumatore\/#respond\"]}]},{\"@type\":\"WebPage\",\"@id\":\"https:\/\/lalibertaria.org\/il-caffe-etico-e-libertario-dal-contadino-al-consumatore\/\",\"url\":\"https:\/\/lalibertaria.org\/il-caffe-etico-e-libertario-dal-contadino-al-consumatore\/\",\"name\":\"Il caff\u00e8 \u201cetico e libertario, dal contadino al consumatore\u201d - La Libertaria\",\"isPartOf\":{\"@id\":\"https:\/\/lalibertaria.org\/#website\"},\"primaryImageOfPage\":{\"@id\":\"https:\/\/lalibertaria.org\/il-caffe-etico-e-libertario-dal-contadino-al-consumatore\/#primaryimage\"},\"image\":{\"@id\":\"https:\/\/lalibertaria.org\/il-caffe-etico-e-libertario-dal-contadino-al-consumatore\/#primaryimage\"},\"thumbnailUrl\":\"https:\/\/lalibertaria.org\/wp-content\/uploads\/2023\/01\/immaginec.jpeg\",\"datePublished\":\"2023-01-11T11:48:10+00:00\",\"dateModified\":\"2023-01-12T14:21:25+00:00\",\"breadcrumb\":{\"@id\":\"https:\/\/lalibertaria.org\/il-caffe-etico-e-libertario-dal-contadino-al-consumatore\/#breadcrumb\"},\"inLanguage\":\"it-IT\",\"potentialAction\":[{\"@type\":\"ReadAction\",\"target\":[\"https:\/\/lalibertaria.org\/il-caffe-etico-e-libertario-dal-contadino-al-consumatore\/\"]}]},{\"@type\":\"ImageObject\",\"inLanguage\":\"it-IT\",\"@id\":\"https:\/\/lalibertaria.org\/il-caffe-etico-e-libertario-dal-contadino-al-consumatore\/#primaryimage\",\"url\":\"https:\/\/lalibertaria.org\/wp-content\/uploads\/2023\/01\/immaginec.jpeg\",\"contentUrl\":\"https:\/\/lalibertaria.org\/wp-content\/uploads\/2023\/01\/immaginec.jpeg\",\"width\":1355,\"height\":1280},{\"@type\":\"BreadcrumbList\",\"@id\":\"https:\/\/lalibertaria.org\/il-caffe-etico-e-libertario-dal-contadino-al-consumatore\/#breadcrumb\",\"itemListElement\":[{\"@type\":\"ListItem\",\"position\":1,\"name\":\"Home\",\"item\":\"https:\/\/lalibertaria.org\/\"},{\"@type\":\"ListItem\",\"position\":2,\"name\":\"Il caff\u00e8 \u201cetico e libertario, dal contadino al consumatore\u201d\"}]},{\"@type\":\"WebSite\",\"@id\":\"https:\/\/lalibertaria.org\/#website\",\"url\":\"https:\/\/lalibertaria.org\/\",\"name\":\"La Libertaria\",\"description\":\"ETS\",\"publisher\":{\"@id\":\"https:\/\/lalibertaria.org\/#organization\"},\"potentialAction\":[{\"@type\":\"SearchAction\",\"target\":{\"@type\":\"EntryPoint\",\"urlTemplate\":\"https:\/\/lalibertaria.org\/?s={search_term_string}\"},\"query-input\":{\"@type\":\"PropertyValueSpecification\",\"valueRequired\":true,\"valueName\":\"search_term_string\"}}],\"inLanguage\":\"it-IT\"},{\"@type\":\"Organization\",\"@id\":\"https:\/\/lalibertaria.org\/#organization\",\"name\":\"La Libertaria\",\"url\":\"https:\/\/lalibertaria.org\/\",\"logo\":{\"@type\":\"ImageObject\",\"inLanguage\":\"it-IT\",\"@id\":\"https:\/\/lalibertaria.org\/#\/schema\/logo\/image\/\",\"url\":\"https:\/\/lalibertaria.org\/wp-content\/uploads\/2021\/05\/FAVICON.jpg\",\"contentUrl\":\"https:\/\/lalibertaria.org\/wp-content\/uploads\/2021\/05\/FAVICON.jpg\",\"width\":515,\"height\":491,\"caption\":\"La Libertaria\"},\"image\":{\"@id\":\"https:\/\/lalibertaria.org\/#\/schema\/logo\/image\/\"}},{\"@type\":\"Person\",\"@id\":\"https:\/\/lalibertaria.org\/#\/schema\/person\/dfb095c0ec8e3c0d5ed3a38789c2f427\",\"name\":\"La Libertaria\",\"image\":{\"@type\":\"ImageObject\",\"inLanguage\":\"it-IT\",\"@id\":\"https:\/\/lalibertaria.org\/#\/schema\/person\/image\/\",\"url\":\"https:\/\/secure.gravatar.com\/avatar\/bbbde211b0ea07e74081d750650c5c56acf7a06d7a5bee83335ce52dbd71613f?s=96&d=mm&r=g\",\"contentUrl\":\"https:\/\/secure.gravatar.com\/avatar\/bbbde211b0ea07e74081d750650c5c56acf7a06d7a5bee83335ce52dbd71613f?s=96&d=mm&r=g\",\"caption\":\"La Libertaria\"},\"sameAs\":[\"http:\/\/lalibertaria.it\",\"https:\/\/x.com\/cooplalibertaria@gmail.com\"],\"url\":\"https:\/\/lalibertaria.org\/author\/cooplalibertariagmail-com\/\"}]}<\/script>\n<!-- \/ Yoast SEO plugin. -->","yoast_head_json":{"title":"Il caff\u00e8 \u201cetico e libertario, dal contadino al consumatore\u201d - La Libertaria","robots":{"index":"index","follow":"follow","max-snippet":"max-snippet:-1","max-image-preview":"max-image-preview:large","max-video-preview":"max-video-preview:-1"},"canonical":"https:\/\/lalibertaria.org\/il-caffe-etico-e-libertario-dal-contadino-al-consumatore\/","og_locale":"it_IT","og_type":"article","og_title":"Il caff\u00e8 \u201cetico e libertario, dal contadino al consumatore\u201d - La Libertaria","og_description":"Cooperativa La Libertaria \u2013 Torrefazione Autogestita &#8211; Lecco &#8211; Il caff\u00e8 \u201cetico e libertario, dal contadino al consumatore\u201d By Antonella Pianca &#8211; Categoria: Storie contadine Il progetto della torrefazione artigiana \u201cCooperativa La Libertaria\u201d \u00e8 nato a Lecco nell\u2019estate dell\u2019anno 2020, con l\u2019obiettivo di costruire una realt\u00e0 lavorativa senza gerarchie, che ponga al centro i valori&hellip; Continua a leggere Il caff\u00e8 \u201cetico e libertario, dal contadino al consumatore\u201d","og_url":"https:\/\/lalibertaria.org\/il-caffe-etico-e-libertario-dal-contadino-al-consumatore\/","og_site_name":"La Libertaria","article_published_time":"2023-01-11T11:48:10+00:00","article_modified_time":"2023-01-12T14:21:25+00:00","og_image":[{"width":1355,"height":1280,"url":"http:\/\/lalibertaria.org\/wp-content\/uploads\/2023\/01\/immaginec.jpeg","type":"image\/jpeg"}],"author":"La Libertaria","twitter_card":"summary_large_image","twitter_creator":"@cooplalibertaria@gmail.com","twitter_misc":{"Scritto da":"La Libertaria","Tempo di lettura stimato":"2 minuti"},"schema":{"@context":"https:\/\/schema.org","@graph":[{"@type":"Article","@id":"https:\/\/lalibertaria.org\/il-caffe-etico-e-libertario-dal-contadino-al-consumatore\/#article","isPartOf":{"@id":"https:\/\/lalibertaria.org\/il-caffe-etico-e-libertario-dal-contadino-al-consumatore\/"},"author":{"name":"La Libertaria","@id":"https:\/\/lalibertaria.org\/#\/schema\/person\/dfb095c0ec8e3c0d5ed3a38789c2f427"},"headline":"Il caff\u00e8 \u201cetico e libertario, dal contadino al consumatore\u201d","datePublished":"2023-01-11T11:48:10+00:00","dateModified":"2023-01-12T14:21:25+00:00","mainEntityOfPage":{"@id":"https:\/\/lalibertaria.org\/il-caffe-etico-e-libertario-dal-contadino-al-consumatore\/"},"wordCount":236,"commentCount":0,"publisher":{"@id":"https:\/\/lalibertaria.org\/#organization"},"image":{"@id":"https:\/\/lalibertaria.org\/il-caffe-etico-e-libertario-dal-contadino-al-consumatore\/#primaryimage"},"thumbnailUrl":"https:\/\/lalibertaria.org\/wp-content\/uploads\/2023\/01\/immaginec.jpeg","inLanguage":"it-IT","potentialAction":[{"@type":"CommentAction","name":"Comment","target":["https:\/\/lalibertaria.org\/il-caffe-etico-e-libertario-dal-contadino-al-consumatore\/#respond"]}]},{"@type":"WebPage","@id":"https:\/\/lalibertaria.org\/il-caffe-etico-e-libertario-dal-contadino-al-consumatore\/","url":"https:\/\/lalibertaria.org\/il-caffe-etico-e-libertario-dal-contadino-al-consumatore\/","name":"Il caff\u00e8 \u201cetico e libertario, dal contadino al consumatore\u201d - La Libertaria","isPartOf":{"@id":"https:\/\/lalibertaria.org\/#website"},"primaryImageOfPage":{"@id":"https:\/\/lalibertaria.org\/il-caffe-etico-e-libertario-dal-contadino-al-consumatore\/#primaryimage"},"image":{"@id":"https:\/\/lalibertaria.org\/il-caffe-etico-e-libertario-dal-contadino-al-consumatore\/#primaryimage"},"thumbnailUrl":"https:\/\/lalibertaria.org\/wp-content\/uploads\/2023\/01\/immaginec.jpeg","datePublished":"2023-01-11T11:48:10+00:00","dateModified":"2023-01-12T14:21:25+00:00","breadcrumb":{"@id":"https:\/\/lalibertaria.org\/il-caffe-etico-e-libertario-dal-contadino-al-consumatore\/#breadcrumb"},"inLanguage":"it-IT","potentialAction":[{"@type":"ReadAction","target":["https:\/\/lalibertaria.org\/il-caffe-etico-e-libertario-dal-contadino-al-consumatore\/"]}]},{"@type":"ImageObject","inLanguage":"it-IT","@id":"https:\/\/lalibertaria.org\/il-caffe-etico-e-libertario-dal-contadino-al-consumatore\/#primaryimage","url":"https:\/\/lalibertaria.org\/wp-content\/uploads\/2023\/01\/immaginec.jpeg","contentUrl":"https:\/\/lalibertaria.org\/wp-content\/uploads\/2023\/01\/immaginec.jpeg","width":1355,"height":1280},{"@type":"BreadcrumbList","@id":"https:\/\/lalibertaria.org\/il-caffe-etico-e-libertario-dal-contadino-al-consumatore\/#breadcrumb","itemListElement":[{"@type":"ListItem","position":1,"name":"Home","item":"https:\/\/lalibertaria.org\/"},{"@type":"ListItem","position":2,"name":"Il caff\u00e8 \u201cetico e libertario, dal contadino al consumatore\u201d"}]},{"@type":"WebSite","@id":"https:\/\/lalibertaria.org\/#website","url":"https:\/\/lalibertaria.org\/","name":"La Libertaria","description":"ETS","publisher":{"@id":"https:\/\/lalibertaria.org\/#organization"},"potentialAction":[{"@type":"SearchAction","target":{"@type":"EntryPoint","urlTemplate":"https:\/\/lalibertaria.org\/?s={search_term_string}"},"query-input":{"@type":"PropertyValueSpecification","valueRequired":true,"valueName":"search_term_string"}}],"inLanguage":"it-IT"},{"@type":"Organization","@id":"https:\/\/lalibertaria.org\/#organization","name":"La Libertaria","url":"https:\/\/lalibertaria.org\/","logo":{"@type":"ImageObject","inLanguage":"it-IT","@id":"https:\/\/lalibertaria.org\/#\/schema\/logo\/image\/","url":"https:\/\/lalibertaria.org\/wp-content\/uploads\/2021\/05\/FAVICON.jpg","contentUrl":"https:\/\/lalibertaria.org\/wp-content\/uploads\/2021\/05\/FAVICON.jpg","width":515,"height":491,"caption":"La Libertaria"},"image":{"@id":"https:\/\/lalibertaria.org\/#\/schema\/logo\/image\/"}},{"@type":"Person","@id":"https:\/\/lalibertaria.org\/#\/schema\/person\/dfb095c0ec8e3c0d5ed3a38789c2f427","name":"La Libertaria","image":{"@type":"ImageObject","inLanguage":"it-IT","@id":"https:\/\/lalibertaria.org\/#\/schema\/person\/image\/","url":"https:\/\/secure.gravatar.com\/avatar\/bbbde211b0ea07e74081d750650c5c56acf7a06d7a5bee83335ce52dbd71613f?s=96&d=mm&r=g","contentUrl":"https:\/\/secure.gravatar.com\/avatar\/bbbde211b0ea07e74081d750650c5c56acf7a06d7a5bee83335ce52dbd71613f?s=96&d=mm&r=g","caption":"La Libertaria"},"sameAs":["http:\/\/lalibertaria.it","https:\/\/x.com\/cooplalibertaria@gmail.com"],"url":"https:\/\/lalibertaria.org\/author\/cooplalibertariagmail-com\/"}]}},"_links":{"self":[{"href":"https:\/\/lalibertaria.org\/wp-json\/wp\/v2\/posts\/6201","targetHints":{"allow":["GET"]}}],"collection":[{"href":"https:\/\/lalibertaria.org\/wp-json\/wp\/v2\/posts"}],"about":[{"href":"https:\/\/lalibertaria.org\/wp-json\/wp\/v2\/types\/post"}],"author":[{"embeddable":true,"href":"https:\/\/lalibertaria.org\/wp-json\/wp\/v2\/users\/1"}],"replies":[{"embeddable":true,"href":"https:\/\/lalibertaria.org\/wp-json\/wp\/v2\/comments?post=6201"}],"version-history":[{"count":38,"href":"https:\/\/lalibertaria.org\/wp-json\/wp\/v2\/posts\/6201\/revisions"}],"predecessor-version":[{"id":6268,"href":"https:\/\/lalibertaria.org\/wp-json\/wp\/v2\/posts\/6201\/revisions\/6268"}],"wp:featuredmedia":[{"embeddable":true,"href":"https:\/\/lalibertaria.org\/wp-json\/wp\/v2\/media\/6288"}],"wp:attachment":[{"href":"https:\/\/lalibertaria.org\/wp-json\/wp\/v2\/media?parent=6201"}],"wp:term":[{"taxonomy":"category","embeddable":true,"href":"https:\/\/lalibertaria.org\/wp-json\/wp\/v2\/categories?post=6201"},{"taxonomy":"post_tag","embeddable":true,"href":"https:\/\/lalibertaria.org\/wp-json\/wp\/v2\/tags?post=6201"}],"curies":[{"name":"wp","href":"https:\/\/api.w.org\/{rel}","templated":true}]}}