{"id":4203,"date":"2021-12-19T16:24:28","date_gmt":"2021-12-19T16:24:28","guid":{"rendered":"https:\/\/lalibertaria.org\/?p=4203"},"modified":"2022-03-01T10:04:32","modified_gmt":"2022-03-01T10:04:32","slug":"la-gira-zapatista","status":"publish","type":"post","link":"https:\/\/lalibertaria.org\/la-gira-zapatista\/","title":{"rendered":"La Gira Zapatista"},"content":{"rendered":"\t\t<div data-elementor-type=\"wp-post\" data-elementor-id=\"4203\" class=\"elementor elementor-4203\" data-elementor-post-type=\"post\">\n\t\t\t\t\t\t<section class=\"elementor-section elementor-top-section elementor-element elementor-element-231b701 elementor-section-height-min-height elementor-section-boxed elementor-section-height-default elementor-section-items-middle\" data-id=\"231b701\" data-element_type=\"section\" data-e-type=\"section\" data-settings=\"{&quot;background_background&quot;:&quot;classic&quot;}\">\n\t\t\t\t\t\t<div class=\"elementor-container elementor-column-gap-default\">\n\t\t\t\t\t<div class=\"elementor-column elementor-col-50 elementor-top-column elementor-element elementor-element-14fd02b\" data-id=\"14fd02b\" data-element_type=\"column\" data-e-type=\"column\">\n\t\t\t<div class=\"elementor-widget-wrap elementor-element-populated\">\n\t\t\t\t\t\t<div class=\"elementor-element elementor-element-9b380ce elementor-widget elementor-widget-image\" data-id=\"9b380ce\" data-element_type=\"widget\" data-e-type=\"widget\" data-widget_type=\"image.default\">\n\t\t\t\t<div class=\"elementor-widget-container\">\n\t\t\t\t\t\t\t\t\t\t\t\t\t\t\t<img fetchpriority=\"high\" decoding=\"async\" width=\"526\" height=\"791\" src=\"data:image\/gif;base64,R0lGODlhAQABAIAAAAAAAP\/\/\/yH5BAEAAAAALAAAAAABAAEAAAIBRAA7\" data-src=\"https:\/\/lalibertaria.org\/wp-content\/uploads\/2021\/12\/gira.jpeg\" class=\"attachment-large size-large wp-image-4209 lazyload\" alt=\"\" data-srcset=\"https:\/\/lalibertaria.org\/wp-content\/uploads\/2021\/12\/gira.jpeg 526w, https:\/\/lalibertaria.org\/wp-content\/uploads\/2021\/12\/gira-199x300.jpeg 199w\" sizes=\"(max-width: 526px) 100vw, 526px\" style=\"width:100%;height:150.38%;max-width:526px\" \/><noscript><img decoding=\"async\" width=\"526\" height=\"791\" src=\"https:\/\/lalibertaria.org\/wp-content\/uploads\/2021\/12\/gira.jpeg\" class=\"attachment-large size-large wp-image-4209 lazyload\" alt=\"\" srcset=\"https:\/\/lalibertaria.org\/wp-content\/uploads\/2021\/12\/gira.jpeg 526w, https:\/\/lalibertaria.org\/wp-content\/uploads\/2021\/12\/gira-199x300.jpeg 199w\" sizes=\"(max-width: 526px) 100vw, 526px\" style=\"width:100%;height:150.38%;max-width:526px\" \/><\/noscript>\t\t\t\t\t\t\t\t\t\t\t\t\t\t\t<\/div>\n\t\t\t\t<\/div>\n\t\t\t\t\t<\/div>\n\t\t<\/div>\n\t\t\t\t<div class=\"elementor-column elementor-col-50 elementor-top-column elementor-element elementor-element-5eb706a\" data-id=\"5eb706a\" data-element_type=\"column\" data-e-type=\"column\">\n\t\t\t<div class=\"elementor-widget-wrap elementor-element-populated\">\n\t\t\t\t\t\t<div class=\"elementor-element elementor-element-83a72e4 elementor-widget elementor-widget-text-editor\" data-id=\"83a72e4\" data-element_type=\"widget\" data-e-type=\"widget\" data-widget_type=\"text-editor.default\">\n\t\t\t\t<div class=\"elementor-widget-container\">\n\t\t\t\t\t\t\t\t\t<p>E\u2019 di questi giorni la notizia del ritorno a casa dei membri della delegazione della <strong>Gira Zapatista por la Vida<\/strong>.<\/p><p>\u00a0<\/p><p><strong>Oltre 170 persone<\/strong>, di varie et\u00e0 e identit\u00e0 sessuale, partite fin dalle profondit\u00e0 della selva del <strong>Chiapas nel Messico del Sud<\/strong>, hanno raggiunto l\u2019Europa, rinominata dagli stessi Slumil K\u2019ajxemk\u2019op ovvero Terra Indomita. Dopo 27 anni dall\u2019entrata nel panorama della politica messicana ed internazionale, lo zapatismo (o neozapatismo, come alcuni lo chiamano) ha fisicamente toccato il \u201cprimo mondo\u201d raggiungendo via aria e disperdendosi poi via terra lungo tutta la geografia europea per diversi mesi.<\/p><p>\u00a0<\/p><p>Lontani dai mezzi di comunicazione ufficiali e da clamori di movimento, i gruppi della delegazione si sono mossi alla ricerca di confronti con quei soggetti individuali e collettivi che, in Europa, resistono dal basso.<\/p><p>\u00a0<\/p><p>L\u2019arrivo della delegazione ha rappresentato un notevole sforzo da parte degli individui, gruppi e collettivi che hanno accolto, ospitato, nutrito, trasportato e incontrato gli zapatisti e le zapatiste. Uno sforzo proficuo, utile per risvegliarci dal indolenza del 2020 e tessere reti di collaborazione e confronto tra posizioni spesso affini e talvolta contrastanti.<\/p><p>\u00a0<\/p><p>Anche noi, come <strong>Collettivo della Torrefazione Autogestita \u201cLa Libertaria\u201d<\/strong> abbiamo cercato di dare il nostro contributo. Insieme alla <strong>RedProZapa<\/strong> (rete europea di sostegno allo zapatismo) abbiamo partecipato alla diffusione di pacchetti di caff\u00e8 messicano destinato al finanziamento della Gira, e abbiamo cercato di dare il nostro contributo pratico in occasione di alcuni incontri (traduzioni, pulizie, manovalanza\u2026).<\/p><p>\u00a0<\/p><p>L\u2019esperienza che abbiamo trovato pi\u00f9 significativa \u00e8 stata l\u2019opportunit\u00e0 di incontrarli, prima coi piccoli gruppi di Escucha y Palabra nei nostri territori e poi nel grande raduno dell\u2019intera delegazione a Roma in mezzo a compagni e compagne di tutta Europa.<\/p><p>\u00a0<\/p><p>Li abbiamo ascoltati attentamente per ore, cercando di capire cosa, dell\u2019esperienza zapatista ha permesso loro di nascere, resistere ed esistere dopo 27 anni e come e cosa potremmo praticare qui.<\/p><p>\u00a0<\/p><p>Concludendo, desideriamo ringraziare chi, sul faticoso piano organizzativo, si \u00e8 speso per far s\u00ec che questa impensabile impresa diventasse tangibile realt\u00e0.<\/p><p>\u00a0<\/p><p>Vi lasciamo con le parole del Subcomandante Insurgente Moises.<\/p><p>\u00a0<\/p><p><strong><a href=\"https:\/\/enlacezapatista.ezln.org.mx\/2021\/12\/15\/gracias\/\">https:\/\/enlacezapatista.ezln.org.mx\/2021\/12\/15\/gracias\/<\/a><\/strong><\/p><p>\u00a0<\/p><p><strong>ZAPATA VIVE, LA LUCHA SIGUE!<\/strong><\/p>\t\t\t\t\t\t\t\t<\/div>\n\t\t\t\t<\/div>\n\t\t\t\t<div class=\"elementor-element elementor-element-49293b2 elementor-widget elementor-widget-heading\" data-id=\"49293b2\" data-element_type=\"widget\" data-e-type=\"widget\" data-widget_type=\"heading.default\">\n\t\t\t\t<div class=\"elementor-widget-container\">\n\t\t\t\t\t<h2 class=\"elementor-heading-title elementor-size-default\"><a href=\"https:\/\/lalibertaria.org\/notizie\/\">Torna a Notizie  &gt;&gt;&gt;<\/a><\/h2>\t\t\t\t<\/div>\n\t\t\t\t<\/div>\n\t\t\t\t\t<\/div>\n\t\t<\/div>\n\t\t\t\t\t<\/div>\n\t\t<\/section>\n\t\t\t\t<section class=\"elementor-section elementor-top-section elementor-element elementor-element-9d502be elementor-section-boxed elementor-section-height-default elementor-section-height-default\" data-id=\"9d502be\" data-element_type=\"section\" data-e-type=\"section\" data-settings=\"{&quot;background_background&quot;:&quot;classic&quot;}\">\n\t\t\t\t\t\t<div class=\"elementor-container elementor-column-gap-default\">\n\t\t\t\t\t<div class=\"elementor-column elementor-col-100 elementor-top-column elementor-element elementor-element-f1ea451\" data-id=\"f1ea451\" data-element_type=\"column\" data-e-type=\"column\">\n\t\t\t<div class=\"elementor-widget-wrap\">\n\t\t\t\t\t\t\t<\/div>\n\t\t<\/div>\n\t\t\t\t\t<\/div>\n\t\t<\/section>\n\t\t\t\t<\/div>\n\t\t","protected":false},"excerpt":{"rendered":"<p>E\u2019 di questi giorni la notizia del ritorno a casa dei membri della delegazione della Gira Zapatista por la Vida. Oltre 170 persone, di varie et\u00e0 e identit\u00e0 sessuale, partite fin dalle profondit\u00e0 della selva del Chiapas nel Messico del Sud, hanno raggiunto l\u2019Europa, rinominata dagli stessi Slumil K\u2019ajxemk\u2019op ovvero Terra Indomita. Dopo 27 anni&hellip; <a class=\"more-link\" href=\"https:\/\/lalibertaria.org\/la-gira-zapatista\/\">Continua a leggere <span class=\"screen-reader-text\">La Gira Zapatista<\/span><\/a><\/p>\n","protected":false},"author":1,"featured_media":4209,"comment_status":"open","ping_status":"open","sticky":false,"template":"elementor_canvas","format":"standard","meta":{"footnotes":""},"categories":[1],"tags":[],"class_list":["post-4203","post","type-post","status-publish","format-standard","has-post-thumbnail","hentry","category-senza-categoria","entry"],"yoast_head":"<!-- This site is optimized with the Yoast SEO plugin v27.1.1 - https:\/\/yoast.com\/product\/yoast-seo-wordpress\/ -->\n<title>La Gira Zapatista - La Libertaria<\/title>\n<meta name=\"robots\" content=\"index, follow, max-snippet:-1, max-image-preview:large, max-video-preview:-1\" \/>\n<link rel=\"canonical\" href=\"https:\/\/lalibertaria.org\/la-gira-zapatista\/\" \/>\n<meta property=\"og:locale\" content=\"it_IT\" \/>\n<meta property=\"og:type\" content=\"article\" \/>\n<meta property=\"og:title\" content=\"La Gira Zapatista - La Libertaria\" \/>\n<meta property=\"og:description\" content=\"E\u2019 di questi giorni la notizia del ritorno a casa dei membri della delegazione della Gira Zapatista por la Vida. Oltre 170 persone, di varie et\u00e0 e identit\u00e0 sessuale, partite fin dalle profondit\u00e0 della selva del Chiapas nel Messico del Sud, hanno raggiunto l\u2019Europa, rinominata dagli stessi Slumil K\u2019ajxemk\u2019op ovvero Terra Indomita. Dopo 27 anni&hellip; Continua a leggere La Gira Zapatista\" \/>\n<meta property=\"og:url\" content=\"https:\/\/lalibertaria.org\/la-gira-zapatista\/\" \/>\n<meta property=\"og:site_name\" content=\"La Libertaria\" \/>\n<meta property=\"article:published_time\" content=\"2021-12-19T16:24:28+00:00\" \/>\n<meta property=\"article:modified_time\" content=\"2022-03-01T10:04:32+00:00\" \/>\n<meta property=\"og:image\" content=\"http:\/\/lalibertaria.org\/wp-content\/uploads\/2021\/12\/gira.jpeg\" \/>\n\t<meta property=\"og:image:width\" content=\"526\" \/>\n\t<meta property=\"og:image:height\" content=\"791\" \/>\n\t<meta property=\"og:image:type\" content=\"image\/jpeg\" \/>\n<meta name=\"author\" content=\"La Libertaria\" \/>\n<meta name=\"twitter:card\" content=\"summary_large_image\" \/>\n<meta name=\"twitter:creator\" content=\"@cooplalibertaria@gmail.com\" \/>\n<meta name=\"twitter:label1\" content=\"Scritto da\" \/>\n\t<meta name=\"twitter:data1\" content=\"La Libertaria\" \/>\n\t<meta name=\"twitter:label2\" content=\"Tempo di lettura stimato\" \/>\n\t<meta name=\"twitter:data2\" content=\"3 minuti\" \/>\n<script type=\"application\/ld+json\" class=\"yoast-schema-graph\">{\"@context\":\"https:\/\/schema.org\",\"@graph\":[{\"@type\":\"Article\",\"@id\":\"https:\/\/lalibertaria.org\/la-gira-zapatista\/#article\",\"isPartOf\":{\"@id\":\"https:\/\/lalibertaria.org\/la-gira-zapatista\/\"},\"author\":{\"name\":\"La Libertaria\",\"@id\":\"https:\/\/lalibertaria.org\/#\/schema\/person\/dfb095c0ec8e3c0d5ed3a38789c2f427\"},\"headline\":\"La Gira Zapatista\",\"datePublished\":\"2021-12-19T16:24:28+00:00\",\"dateModified\":\"2022-03-01T10:04:32+00:00\",\"mainEntityOfPage\":{\"@id\":\"https:\/\/lalibertaria.org\/la-gira-zapatista\/\"},\"wordCount\":358,\"commentCount\":0,\"publisher\":{\"@id\":\"https:\/\/lalibertaria.org\/#organization\"},\"image\":{\"@id\":\"https:\/\/lalibertaria.org\/la-gira-zapatista\/#primaryimage\"},\"thumbnailUrl\":\"https:\/\/lalibertaria.org\/wp-content\/uploads\/2021\/12\/gira.jpeg\",\"inLanguage\":\"it-IT\",\"potentialAction\":[{\"@type\":\"CommentAction\",\"name\":\"Comment\",\"target\":[\"https:\/\/lalibertaria.org\/la-gira-zapatista\/#respond\"]}]},{\"@type\":\"WebPage\",\"@id\":\"https:\/\/lalibertaria.org\/la-gira-zapatista\/\",\"url\":\"https:\/\/lalibertaria.org\/la-gira-zapatista\/\",\"name\":\"La Gira Zapatista - La Libertaria\",\"isPartOf\":{\"@id\":\"https:\/\/lalibertaria.org\/#website\"},\"primaryImageOfPage\":{\"@id\":\"https:\/\/lalibertaria.org\/la-gira-zapatista\/#primaryimage\"},\"image\":{\"@id\":\"https:\/\/lalibertaria.org\/la-gira-zapatista\/#primaryimage\"},\"thumbnailUrl\":\"https:\/\/lalibertaria.org\/wp-content\/uploads\/2021\/12\/gira.jpeg\",\"datePublished\":\"2021-12-19T16:24:28+00:00\",\"dateModified\":\"2022-03-01T10:04:32+00:00\",\"breadcrumb\":{\"@id\":\"https:\/\/lalibertaria.org\/la-gira-zapatista\/#breadcrumb\"},\"inLanguage\":\"it-IT\",\"potentialAction\":[{\"@type\":\"ReadAction\",\"target\":[\"https:\/\/lalibertaria.org\/la-gira-zapatista\/\"]}]},{\"@type\":\"ImageObject\",\"inLanguage\":\"it-IT\",\"@id\":\"https:\/\/lalibertaria.org\/la-gira-zapatista\/#primaryimage\",\"url\":\"https:\/\/lalibertaria.org\/wp-content\/uploads\/2021\/12\/gira.jpeg\",\"contentUrl\":\"https:\/\/lalibertaria.org\/wp-content\/uploads\/2021\/12\/gira.jpeg\",\"width\":526,\"height\":791},{\"@type\":\"BreadcrumbList\",\"@id\":\"https:\/\/lalibertaria.org\/la-gira-zapatista\/#breadcrumb\",\"itemListElement\":[{\"@type\":\"ListItem\",\"position\":1,\"name\":\"Home\",\"item\":\"https:\/\/lalibertaria.org\/\"},{\"@type\":\"ListItem\",\"position\":2,\"name\":\"La Gira Zapatista\"}]},{\"@type\":\"WebSite\",\"@id\":\"https:\/\/lalibertaria.org\/#website\",\"url\":\"https:\/\/lalibertaria.org\/\",\"name\":\"La Libertaria\",\"description\":\"ETS\",\"publisher\":{\"@id\":\"https:\/\/lalibertaria.org\/#organization\"},\"potentialAction\":[{\"@type\":\"SearchAction\",\"target\":{\"@type\":\"EntryPoint\",\"urlTemplate\":\"https:\/\/lalibertaria.org\/?s={search_term_string}\"},\"query-input\":{\"@type\":\"PropertyValueSpecification\",\"valueRequired\":true,\"valueName\":\"search_term_string\"}}],\"inLanguage\":\"it-IT\"},{\"@type\":\"Organization\",\"@id\":\"https:\/\/lalibertaria.org\/#organization\",\"name\":\"La Libertaria\",\"url\":\"https:\/\/lalibertaria.org\/\",\"logo\":{\"@type\":\"ImageObject\",\"inLanguage\":\"it-IT\",\"@id\":\"https:\/\/lalibertaria.org\/#\/schema\/logo\/image\/\",\"url\":\"https:\/\/lalibertaria.org\/wp-content\/uploads\/2021\/05\/FAVICON.jpg\",\"contentUrl\":\"https:\/\/lalibertaria.org\/wp-content\/uploads\/2021\/05\/FAVICON.jpg\",\"width\":515,\"height\":491,\"caption\":\"La Libertaria\"},\"image\":{\"@id\":\"https:\/\/lalibertaria.org\/#\/schema\/logo\/image\/\"}},{\"@type\":\"Person\",\"@id\":\"https:\/\/lalibertaria.org\/#\/schema\/person\/dfb095c0ec8e3c0d5ed3a38789c2f427\",\"name\":\"La Libertaria\",\"image\":{\"@type\":\"ImageObject\",\"inLanguage\":\"it-IT\",\"@id\":\"https:\/\/lalibertaria.org\/#\/schema\/person\/image\/\",\"url\":\"https:\/\/secure.gravatar.com\/avatar\/bbbde211b0ea07e74081d750650c5c56acf7a06d7a5bee83335ce52dbd71613f?s=96&d=mm&r=g\",\"contentUrl\":\"https:\/\/secure.gravatar.com\/avatar\/bbbde211b0ea07e74081d750650c5c56acf7a06d7a5bee83335ce52dbd71613f?s=96&d=mm&r=g\",\"caption\":\"La Libertaria\"},\"sameAs\":[\"http:\/\/lalibertaria.it\",\"https:\/\/x.com\/cooplalibertaria@gmail.com\"],\"url\":\"https:\/\/lalibertaria.org\/author\/cooplalibertariagmail-com\/\"}]}<\/script>\n<!-- \/ Yoast SEO plugin. -->","yoast_head_json":{"title":"La Gira Zapatista - La Libertaria","robots":{"index":"index","follow":"follow","max-snippet":"max-snippet:-1","max-image-preview":"max-image-preview:large","max-video-preview":"max-video-preview:-1"},"canonical":"https:\/\/lalibertaria.org\/la-gira-zapatista\/","og_locale":"it_IT","og_type":"article","og_title":"La Gira Zapatista - La Libertaria","og_description":"E\u2019 di questi giorni la notizia del ritorno a casa dei membri della delegazione della Gira Zapatista por la Vida. Oltre 170 persone, di varie et\u00e0 e identit\u00e0 sessuale, partite fin dalle profondit\u00e0 della selva del Chiapas nel Messico del Sud, hanno raggiunto l\u2019Europa, rinominata dagli stessi Slumil K\u2019ajxemk\u2019op ovvero Terra Indomita. Dopo 27 anni&hellip; Continua a leggere La Gira Zapatista","og_url":"https:\/\/lalibertaria.org\/la-gira-zapatista\/","og_site_name":"La Libertaria","article_published_time":"2021-12-19T16:24:28+00:00","article_modified_time":"2022-03-01T10:04:32+00:00","og_image":[{"width":526,"height":791,"url":"http:\/\/lalibertaria.org\/wp-content\/uploads\/2021\/12\/gira.jpeg","type":"image\/jpeg"}],"author":"La Libertaria","twitter_card":"summary_large_image","twitter_creator":"@cooplalibertaria@gmail.com","twitter_misc":{"Scritto da":"La Libertaria","Tempo di lettura stimato":"3 minuti"},"schema":{"@context":"https:\/\/schema.org","@graph":[{"@type":"Article","@id":"https:\/\/lalibertaria.org\/la-gira-zapatista\/#article","isPartOf":{"@id":"https:\/\/lalibertaria.org\/la-gira-zapatista\/"},"author":{"name":"La Libertaria","@id":"https:\/\/lalibertaria.org\/#\/schema\/person\/dfb095c0ec8e3c0d5ed3a38789c2f427"},"headline":"La Gira Zapatista","datePublished":"2021-12-19T16:24:28+00:00","dateModified":"2022-03-01T10:04:32+00:00","mainEntityOfPage":{"@id":"https:\/\/lalibertaria.org\/la-gira-zapatista\/"},"wordCount":358,"commentCount":0,"publisher":{"@id":"https:\/\/lalibertaria.org\/#organization"},"image":{"@id":"https:\/\/lalibertaria.org\/la-gira-zapatista\/#primaryimage"},"thumbnailUrl":"https:\/\/lalibertaria.org\/wp-content\/uploads\/2021\/12\/gira.jpeg","inLanguage":"it-IT","potentialAction":[{"@type":"CommentAction","name":"Comment","target":["https:\/\/lalibertaria.org\/la-gira-zapatista\/#respond"]}]},{"@type":"WebPage","@id":"https:\/\/lalibertaria.org\/la-gira-zapatista\/","url":"https:\/\/lalibertaria.org\/la-gira-zapatista\/","name":"La Gira Zapatista - La Libertaria","isPartOf":{"@id":"https:\/\/lalibertaria.org\/#website"},"primaryImageOfPage":{"@id":"https:\/\/lalibertaria.org\/la-gira-zapatista\/#primaryimage"},"image":{"@id":"https:\/\/lalibertaria.org\/la-gira-zapatista\/#primaryimage"},"thumbnailUrl":"https:\/\/lalibertaria.org\/wp-content\/uploads\/2021\/12\/gira.jpeg","datePublished":"2021-12-19T16:24:28+00:00","dateModified":"2022-03-01T10:04:32+00:00","breadcrumb":{"@id":"https:\/\/lalibertaria.org\/la-gira-zapatista\/#breadcrumb"},"inLanguage":"it-IT","potentialAction":[{"@type":"ReadAction","target":["https:\/\/lalibertaria.org\/la-gira-zapatista\/"]}]},{"@type":"ImageObject","inLanguage":"it-IT","@id":"https:\/\/lalibertaria.org\/la-gira-zapatista\/#primaryimage","url":"https:\/\/lalibertaria.org\/wp-content\/uploads\/2021\/12\/gira.jpeg","contentUrl":"https:\/\/lalibertaria.org\/wp-content\/uploads\/2021\/12\/gira.jpeg","width":526,"height":791},{"@type":"BreadcrumbList","@id":"https:\/\/lalibertaria.org\/la-gira-zapatista\/#breadcrumb","itemListElement":[{"@type":"ListItem","position":1,"name":"Home","item":"https:\/\/lalibertaria.org\/"},{"@type":"ListItem","position":2,"name":"La Gira Zapatista"}]},{"@type":"WebSite","@id":"https:\/\/lalibertaria.org\/#website","url":"https:\/\/lalibertaria.org\/","name":"La Libertaria","description":"ETS","publisher":{"@id":"https:\/\/lalibertaria.org\/#organization"},"potentialAction":[{"@type":"SearchAction","target":{"@type":"EntryPoint","urlTemplate":"https:\/\/lalibertaria.org\/?s={search_term_string}"},"query-input":{"@type":"PropertyValueSpecification","valueRequired":true,"valueName":"search_term_string"}}],"inLanguage":"it-IT"},{"@type":"Organization","@id":"https:\/\/lalibertaria.org\/#organization","name":"La Libertaria","url":"https:\/\/lalibertaria.org\/","logo":{"@type":"ImageObject","inLanguage":"it-IT","@id":"https:\/\/lalibertaria.org\/#\/schema\/logo\/image\/","url":"https:\/\/lalibertaria.org\/wp-content\/uploads\/2021\/05\/FAVICON.jpg","contentUrl":"https:\/\/lalibertaria.org\/wp-content\/uploads\/2021\/05\/FAVICON.jpg","width":515,"height":491,"caption":"La Libertaria"},"image":{"@id":"https:\/\/lalibertaria.org\/#\/schema\/logo\/image\/"}},{"@type":"Person","@id":"https:\/\/lalibertaria.org\/#\/schema\/person\/dfb095c0ec8e3c0d5ed3a38789c2f427","name":"La Libertaria","image":{"@type":"ImageObject","inLanguage":"it-IT","@id":"https:\/\/lalibertaria.org\/#\/schema\/person\/image\/","url":"https:\/\/secure.gravatar.com\/avatar\/bbbde211b0ea07e74081d750650c5c56acf7a06d7a5bee83335ce52dbd71613f?s=96&d=mm&r=g","contentUrl":"https:\/\/secure.gravatar.com\/avatar\/bbbde211b0ea07e74081d750650c5c56acf7a06d7a5bee83335ce52dbd71613f?s=96&d=mm&r=g","caption":"La Libertaria"},"sameAs":["http:\/\/lalibertaria.it","https:\/\/x.com\/cooplalibertaria@gmail.com"],"url":"https:\/\/lalibertaria.org\/author\/cooplalibertariagmail-com\/"}]}},"_links":{"self":[{"href":"https:\/\/lalibertaria.org\/wp-json\/wp\/v2\/posts\/4203","targetHints":{"allow":["GET"]}}],"collection":[{"href":"https:\/\/lalibertaria.org\/wp-json\/wp\/v2\/posts"}],"about":[{"href":"https:\/\/lalibertaria.org\/wp-json\/wp\/v2\/types\/post"}],"author":[{"embeddable":true,"href":"https:\/\/lalibertaria.org\/wp-json\/wp\/v2\/users\/1"}],"replies":[{"embeddable":true,"href":"https:\/\/lalibertaria.org\/wp-json\/wp\/v2\/comments?post=4203"}],"version-history":[{"count":33,"href":"https:\/\/lalibertaria.org\/wp-json\/wp\/v2\/posts\/4203\/revisions"}],"predecessor-version":[{"id":4429,"href":"https:\/\/lalibertaria.org\/wp-json\/wp\/v2\/posts\/4203\/revisions\/4429"}],"wp:featuredmedia":[{"embeddable":true,"href":"https:\/\/lalibertaria.org\/wp-json\/wp\/v2\/media\/4209"}],"wp:attachment":[{"href":"https:\/\/lalibertaria.org\/wp-json\/wp\/v2\/media?parent=4203"}],"wp:term":[{"taxonomy":"category","embeddable":true,"href":"https:\/\/lalibertaria.org\/wp-json\/wp\/v2\/categories?post=4203"},{"taxonomy":"post_tag","embeddable":true,"href":"https:\/\/lalibertaria.org\/wp-json\/wp\/v2\/tags?post=4203"}],"curies":[{"name":"wp","href":"https:\/\/api.w.org\/{rel}","templated":true}]}}